{"id":1192,"date":"2023-07-22T14:18:47","date_gmt":"2023-07-22T12:18:47","guid":{"rendered":"https:\/\/www.leinerlaura.hu\/?p=1192"},"modified":"2023-07-22T14:37:26","modified_gmt":"2023-07-22T12:37:26","slug":"noble-rock-2023-nyar","status":"publish","type":"post","link":"https:\/\/www.leinerlaura.hu\/index.php\/2023\/07\/22\/noble-rock-2023-nyar\/","title":{"rendered":"Noble Rock 2023 ny\u00e1r"},"content":{"rendered":"\n<p class=\"has-text-align-justify\">A mai napt\u00f3l \u00fajra el\u00e9rhet\u0151 a <a rel=\"noreferrer noopener\" href=\"https:\/\/www.llkonyvesbolt.hu\/Noble-Rock\" target=\"_blank\">Noble Rock<\/a> limit\u00e1lt darabsz\u00e1mban az <a rel=\"noreferrer noopener\" href=\"https:\/\/www.llkonyvesbolt.hu\/\" target=\"_blank\">L&amp;L k\u00f6nyvesbolt meg\u00fajult webshopj\u00e1n<\/a>. Mivel a ny\u00e1ri Noble Rockot abszol\u00fat mini kollekci\u00f3nak sz\u00e1ntam, igyekeztem olyan alapdarabokat kiv\u00e1lasztani, amik nagyj\u00e1b\u00f3l mindenhez \u00e9s mindennel j\u00f3k.<\/p>\n\n\n\n<figure class=\"wp-block-image size-full is-resized\"><img fetchpriority=\"high\" decoding=\"async\" src=\"https:\/\/www.leinerlaura.hu\/wp-content\/uploads\/2023\/07\/0ED54A87-0307-43A5-80CC-8B4EEB14B103-scaled.jpeg\" alt=\"\" class=\"wp-image-1207\" width=\"640\" height=\"640\" srcset=\"https:\/\/www.leinerlaura.hu\/wp-content\/uploads\/2023\/07\/0ED54A87-0307-43A5-80CC-8B4EEB14B103-scaled.jpeg 2560w, https:\/\/www.leinerlaura.hu\/wp-content\/uploads\/2023\/07\/0ED54A87-0307-43A5-80CC-8B4EEB14B103-160x160.jpeg 160w, https:\/\/www.leinerlaura.hu\/wp-content\/uploads\/2023\/07\/0ED54A87-0307-43A5-80CC-8B4EEB14B103-768x768.jpeg 768w, https:\/\/www.leinerlaura.hu\/wp-content\/uploads\/2023\/07\/0ED54A87-0307-43A5-80CC-8B4EEB14B103-1536x1536.jpeg 1536w, https:\/\/www.leinerlaura.hu\/wp-content\/uploads\/2023\/07\/0ED54A87-0307-43A5-80CC-8B4EEB14B103-2048x2048.jpeg 2048w, https:\/\/www.leinerlaura.hu\/wp-content\/uploads\/2023\/07\/0ED54A87-0307-43A5-80CC-8B4EEB14B103-585x585.jpeg 585w\" sizes=\"(max-width: 640px) 100vw, 640px\" \/><\/figure>\n\n\n\n<p class=\"has-text-align-justify\"> Az \u00faj Noble Rock legt\u00f6bbj\u00e9t m\u00e1r l\u00e1thatt\u00e1tok rajtam, vagy n\u00e1lam, a mini-kollekci\u00f3ban helyet kapott egy (vastag anyag\u00fa) v\u00e1szont\u00e1ska, egy kisebb \u00e9s egy nagyobb m\u00e9ret\u0171 v\u00e1szontasak, amik kiz\u00e1r\u00f3lag egy\u00fctt kaphat\u00f3k, \u00edgy az \u00e1ra is a k\u00e9t darabra vonatkozik, egy\u00fcttesen. A fels\u0151k k\u00f6z\u00fcl valamennyire visszahoztam a ny\u00e1ri vonalat a fagyis \u00e9s p\u00e1lmaf\u00e1s mint\u00e1j\u00fa NR p\u00f3l\u00f3kkal, illetve \u00e9rkezett egy crop top, valamint a klasszikus tank top p\u00e1ros fekete-feh\u00e9r sz\u00ednben, amiket szint\u00e9n csak egy\u00fctt lehet rendelni, \u00edgy annak az \u00e1ra is a k\u00e9t fels\u0151t jelenti egyben. <\/p>\n\n\n\n<figure class=\"wp-block-image size-full is-resized\"><img decoding=\"async\" src=\"https:\/\/www.leinerlaura.hu\/wp-content\/uploads\/2023\/07\/0865B24D-4899-4669-A5BB-918D0330EFC0.jpeg\" alt=\"\" class=\"wp-image-1196\" width=\"720\" height=\"900\" srcset=\"https:\/\/www.leinerlaura.hu\/wp-content\/uploads\/2023\/07\/0865B24D-4899-4669-A5BB-918D0330EFC0.jpeg 1440w, https:\/\/www.leinerlaura.hu\/wp-content\/uploads\/2023\/07\/0865B24D-4899-4669-A5BB-918D0330EFC0-768x960.jpeg 768w, https:\/\/www.leinerlaura.hu\/wp-content\/uploads\/2023\/07\/0865B24D-4899-4669-A5BB-918D0330EFC0-1229x1536.jpeg 1229w, https:\/\/www.leinerlaura.hu\/wp-content\/uploads\/2023\/07\/0865B24D-4899-4669-A5BB-918D0330EFC0-585x731.jpeg 585w\" sizes=\"(max-width: 720px) 100vw, 720px\" \/><\/figure>\n\n\n\n\n\n\n<blockquote class=\"tiktok-embed\" cite=\"https:\/\/www.tiktok.com\/@leinerlaura\/video\/7258615079166315803\" data-video-id=\"7258615079166315803\" style=\"max-width: 605px;min-width: 325px;\">\n<section> <a target=\"_blank\" title=\"@leinerlaura\" href=\"https:\/\/www.tiktok.com\/@leinerlaura?refer=embed\" rel=\"noopener\">@leinerlaura<\/a> \n<p>\ud83d\udc80\ud83d\udda4\ud83d\udce6 Noble Rock <\/p>\n<p> <a target=\"_blank\" title=\"\u266c original sound - \u2022 \ua731\u1d18\u1d07\u1d05 \u1d1c\u1d18 \ua731\u1d0f\u0274\u0262\ua731 \u2022\" href=\"https:\/\/www.tiktok.com\/music\/original-sound-7173943156080315182?refer=embed\" rel=\"noopener\">\u266c original sound &#8211; \u2022 \ua731\u1d18\u1d07\u1d05 \u1d1c\u1d18 \ua731\u1d0f\u0274\u0262\ua731 \u2022<\/a> <\/p><\/section>\n<\/blockquote>\n<p> <script async=\"\" src=\"https:\/\/www.tiktok.com\/embed.js\"><\/script>\n\n\n<p class=\"has-text-align-justify\">Mindenkinek nagyon k\u00f6sz\u00f6n\u00f6m az \u00e9rdekl\u0151d\u00e9st, \u00e9s a t\u00fcrelmet, <a rel=\"noreferrer noopener\" href=\"https:\/\/www.llkonyvesbolt.hu\/\" target=\"_blank\">az \u00faj oldalon<\/a> m\u00e1r kaphat\u00f3 a <a rel=\"noreferrer noopener\" href=\"https:\/\/www.llkonyvesbolt.hu\/Noble-Rock\" target=\"_blank\">Noble Rock<\/a>, illetve term\u00e9szetesen a k\u00f6nyveim (k\u00f6zt\u00fck a kiz\u00e1r\u00f3lag L&amp;L-ben kaphat\u00f3 kiadv\u00e1nyok) \u00e9s a kieg\u00e9sz\u00edt\u0151 term\u00e9kek is. A h\u00e1zhozsz\u00e1ll\u00edt\u00e1s b\u0151v\u00fclt csomagpontos \u00e9s csomagautomat\u00e1s opci\u00f3val, el\u00e9rhet\u0151 a k\u00fclf\u00f6ldi sz\u00e1ll\u00edt\u00e1s, illetve t\u00f6bb \u00faj men\u00fcpont is ker\u00fclt az oldalra. Az L&amp;L webshop teljes meg\u00fajul\u00e1sa miatt a kor\u00e1bbi regisztr\u00e1ci\u00f3kkal sajnos m\u00e1r nem lehet bel\u00e9pni, de az \u00faj oldalon lehet\u0151s\u00e9g van regisztr\u00e1ci\u00f3 n\u00e9lk\u00fcli v\u00e1s\u00e1rl\u00e1sra, vagy \u00faj regisztr\u00e1ci\u00f3ra, ami nem k\u00f6telez\u0151, de abb\u00f3l a szempontb\u00f3l \u00e9rdemes, hogy \u00edgy l\u00e1that\u00f3k az olyan funkci\u00f3k, mint a v\u00e1s\u00e1rl\u00e1si el\u0151zm\u00e9nyek megtekint\u00e9se, kedvencek, stb. <\/p>\n\n\n\n<figure class=\"wp-block-image size-full is-resized\"><img decoding=\"async\" src=\"https:\/\/www.leinerlaura.hu\/wp-content\/uploads\/2023\/07\/30049471-396B-4F01-83F0-1026AF64550E.jpeg\" alt=\"\" class=\"wp-image-1209\" width=\"690\" height=\"910\" srcset=\"https:\/\/www.leinerlaura.hu\/wp-content\/uploads\/2023\/07\/30049471-396B-4F01-83F0-1026AF64550E.jpeg 1640w, https:\/\/www.leinerlaura.hu\/wp-content\/uploads\/2023\/07\/30049471-396B-4F01-83F0-1026AF64550E-768x1012.jpeg 768w, https:\/\/www.leinerlaura.hu\/wp-content\/uploads\/2023\/07\/30049471-396B-4F01-83F0-1026AF64550E-1166x1536.jpeg 1166w, https:\/\/www.leinerlaura.hu\/wp-content\/uploads\/2023\/07\/30049471-396B-4F01-83F0-1026AF64550E-1554x2048.jpeg 1554w, https:\/\/www.leinerlaura.hu\/wp-content\/uploads\/2023\/07\/30049471-396B-4F01-83F0-1026AF64550E-585x771.jpeg 585w\" sizes=\"(max-width: 690px) 100vw, 690px\" \/><\/figure>\n\n\n\n<p>Az L&amp;L webshopja, \u00e9s a Noble Rock is elindult, augusztus 4-\u00e9n pedig \u00fajra nyit a jelenleg \u00e1talak\u00edt\u00e1s alatt l\u00e9v\u0151 L&amp;L k\u00f6nyvesbolt is. \ud83d\ude42<\/p>\n","protected":false},"excerpt":{"rendered":"<p>A mai napt\u00f3l \u00fajra el\u00e9rhet\u0151 a Noble Rock limit\u00e1lt darabsz\u00e1mban az L&amp;L k\u00f6nyvesbolt meg\u00fajult webshopj\u00e1n. Mivel a ny\u00e1ri Noble Rockot abszol\u00fat mini kollekci\u00f3nak sz\u00e1ntam, igyekeztem olyan alapdarabokat kiv\u00e1lasztani, amik nagyj\u00e1b\u00f3l mindenhez \u00e9s mindennel j\u00f3k. Az \u00faj Noble Rock legt\u00f6bbj\u00e9t m\u00e1r l\u00e1thatt\u00e1tok rajtam, vagy n\u00e1lam, a mini-kollekci\u00f3ban helyet kapott egy (vastag anyag\u00fa) v\u00e1szont\u00e1ska, egy kisebb \u00e9s<\/p>\n","protected":false},"author":2,"featured_media":1195,"comment_status":"open","ping_status":"open","sticky":false,"template":"","format":"standard","meta":{"_jetpack_memberships_contains_paid_content":false,"footnotes":""},"categories":[13],"tags":[18,21],"class_list":["post-1192","post","type-post","status-publish","format-standard","has-post-thumbnail","hentry","category-blogbejegyzes","tag-ll-konyvesbolt","tag-noble-rock"],"jetpack_featured_media_url":"https:\/\/www.leinerlaura.hu\/wp-content\/uploads\/2023\/07\/C49ECBDA-3090-426B-8B86-EC63751E155E.jpeg","jetpack_sharing_enabled":true,"_links":{"self":[{"href":"https:\/\/www.leinerlaura.hu\/index.php\/wp-json\/wp\/v2\/posts\/1192","targetHints":{"allow":["GET"]}}],"collection":[{"href":"https:\/\/www.leinerlaura.hu\/index.php\/wp-json\/wp\/v2\/posts"}],"about":[{"href":"https:\/\/www.leinerlaura.hu\/index.php\/wp-json\/wp\/v2\/types\/post"}],"author":[{"embeddable":true,"href":"https:\/\/www.leinerlaura.hu\/index.php\/wp-json\/wp\/v2\/users\/2"}],"replies":[{"embeddable":true,"href":"https:\/\/www.leinerlaura.hu\/index.php\/wp-json\/wp\/v2\/comments?post=1192"}],"version-history":[{"count":5,"href":"https:\/\/www.leinerlaura.hu\/index.php\/wp-json\/wp\/v2\/posts\/1192\/revisions"}],"predecessor-version":[{"id":1212,"href":"https:\/\/www.leinerlaura.hu\/index.php\/wp-json\/wp\/v2\/posts\/1192\/revisions\/1212"}],"wp:featuredmedia":[{"embeddable":true,"href":"https:\/\/www.leinerlaura.hu\/index.php\/wp-json\/wp\/v2\/media\/1195"}],"wp:attachment":[{"href":"https:\/\/www.leinerlaura.hu\/index.php\/wp-json\/wp\/v2\/media?parent=1192"}],"wp:term":[{"taxonomy":"category","embeddable":true,"href":"https:\/\/www.leinerlaura.hu\/index.php\/wp-json\/wp\/v2\/categories?post=1192"},{"taxonomy":"post_tag","embeddable":true,"href":"https:\/\/www.leinerlaura.hu\/index.php\/wp-json\/wp\/v2\/tags?post=1192"}],"curies":[{"name":"wp","href":"https:\/\/api.w.org\/{rel}","templated":true}]}}