{"id":1259,"date":"2023-08-26T14:39:15","date_gmt":"2023-08-26T12:39:15","guid":{"rendered":"https:\/\/www.leinerlaura.hu\/?p=1259"},"modified":"2023-09-21T13:59:06","modified_gmt":"2023-09-21T11:59:06","slug":"konyvfesztival-2023","status":"publish","type":"post","link":"https:\/\/www.leinerlaura.hu\/index.php\/2023\/08\/26\/konyvfesztival-2023\/","title":{"rendered":"K\u00f6nyvfesztiv\u00e1l 2023"},"content":{"rendered":"\n<p><strong>Friss\u00edtett poszt, t\u00e9rk\u00e9ppel<\/strong><\/p>\n\n\n\n<p class=\"has-text-align-justify\">2023. szeptember 28. \u00e9s okt\u00f3ber 1. k\u00f6z\u00f6tt ker\u00fcl megrendez\u00e9sre a <a rel=\"noreferrer noopener\" href=\"https:\/\/bookfestival.hu\/\" target=\"_blank\">Budapesti Nemzetk\u00f6zi K\u00f6nyvfesztiv\u00e1l<\/a>, ahol a nagysiker\u0171 <a rel=\"noreferrer noopener\" href=\"https:\/\/www.leinerlaura.hu\/index.php\/2023\/06\/12\/ilyen-volt-a-konyvhet\/\" target=\"_blank\">k\u00f6nyvhetes<\/a> deb\u00fct\u00e1l\u00e1sa ut\u00e1n ism\u00e9t saj\u00e1t standdal vesz r\u00e9szt az <a rel=\"noreferrer noopener\" href=\"https:\/\/www.llkonyvesbolt.hu\/\" target=\"_blank\">L&amp;L k\u00f6nyvesbolt<\/a>.<\/p>\n\n\n\n<p class=\"has-text-align-justify\"><strong>A Millen\u00e1ris D \u00e9p\u00fclet\u00e9nek (\u00dcvegcsarnok) 12-es pavilonja<\/strong> lesz a mi\u00e9nk, ahol v\u00e9gig, a K\u00f6nyvfesztiv\u00e1l teljes id\u0151tartama alatt megtal\u00e1lhat\u00f3 lesz az L&amp;L k\u00f6nyvesbolt az \u00f6sszes k\u00f6nyvemmel, k\u00f6zt\u00fck a csak L&amp;L-ben kaphat\u00f3 <a rel=\"noreferrer noopener\" href=\"https:\/\/www.llkonyvesbolt.hu\/Leiner-Laura-Kozhelyek\" target=\"_blank\">K\u00f6zhelyek<\/a>, <a rel=\"noreferrer noopener\" href=\"https:\/\/www.llkonyvesbolt.hu\/spd\/LLK2\/Leiner-Laura-Random\" target=\"_blank\">Random<\/a> \u00e9s \u00faj, ford\u00edtgat\u00f3s <a rel=\"noreferrer noopener\" href=\"https:\/\/www.llkonyvesbolt.hu\/Leiner-Laura-Remek-Ez-is-remek\" target=\"_blank\">Remek\/Ez is remek<\/a> kiadv\u00e1nyokkal, tov\u00e1bb\u00e1 a k\u00f6nyveimhez tartoz\u00f3 kieg\u00e9sz\u00edt\u0151kkel, valamint kedvezm\u00e9nyekkel, akci\u00f3kkal.<\/p>\n\n\n\n<p class=\"has-text-align-justify\">A K\u00f6nyvfesztiv\u00e1lra k\u00e9t programmal is k\u00e9sz\u00fcl\u00fcnk, <strong>az egyik a szombati napon megrendez\u00e9sre ker\u00fcl\u0151 dedik\u00e1l\u00e1s lesz a D \u00e9p\u00fcletben l\u00e9v\u0151 dedik\u00e1l\u00f3ponton.<\/strong><\/p>\n\n\n\n<figure class=\"wp-block-image size-full\"><img fetchpriority=\"high\" decoding=\"async\" width=\"1285\" height=\"1798\" src=\"https:\/\/www.leinerlaura.hu\/wp-content\/uploads\/2023\/08\/0B8ED4A3-1F7C-498A-A4D7-0C3ABEA6D763.jpeg\" alt=\"\" class=\"wp-image-1262\" srcset=\"https:\/\/www.leinerlaura.hu\/wp-content\/uploads\/2023\/08\/0B8ED4A3-1F7C-498A-A4D7-0C3ABEA6D763.jpeg 1285w, https:\/\/www.leinerlaura.hu\/wp-content\/uploads\/2023\/08\/0B8ED4A3-1F7C-498A-A4D7-0C3ABEA6D763-768x1075.jpeg 768w, https:\/\/www.leinerlaura.hu\/wp-content\/uploads\/2023\/08\/0B8ED4A3-1F7C-498A-A4D7-0C3ABEA6D763-1098x1536.jpeg 1098w, https:\/\/www.leinerlaura.hu\/wp-content\/uploads\/2023\/08\/0B8ED4A3-1F7C-498A-A4D7-0C3ABEA6D763-585x819.jpeg 585w\" sizes=\"(max-width: 1285px) 100vw, 1285px\" \/><\/figure>\n\n\n\n<p class=\"has-text-align-justify\">A dedik\u00e1l\u00e1s (csak\u00fagy, mint a K\u00f6nyvh\u00e9ten), <strong>d\u00e9lut\u00e1n n\u00e9gy \u00f3rakor kezd\u0151dik, \u00e9s a ki\u00edr\u00e1s szerint \u00f6tig lehet be\u00e1llni a sorba, ami azt jelenti, hogy aki 17h-ig oda\u00e9r, m\u00e9g biztosan sorra ker\u00fcl<\/strong>, b\u00e1rmikor is lesz v\u00e9ge. Maradunk, am\u00edg az utols\u00f3 sorban \u00e1ll\u00f3 olvas\u00f3 is oda\u00e9r hozz\u00e1m, viszont nagyon fontos, hogy mindenki \u00e9rjen oda 17h-ig, illetve, a <strong>v\u00e1rhat\u00f3 nagy \u00e9rdekl\u0151d\u00e9s miatt m\u00e1r most szeretn\u00e9nk k\u00e9rni, hogy szem\u00e9lyenk\u00e9nt csak egy k\u00f6nyvet hozzatok al\u00e1\u00edratni<\/strong>, hogy ezzel is cs\u00f6kkenteni tudjuk a v\u00e1rakoz\u00e1si id\u0151t. \ud83d\ude42 Ez lesz teh\u00e1t a K\u00f6nyvfesztiv\u00e1lon a szombati (szeptember 30.) L&amp;L program, mindenkit nagyon sok szeretettel v\u00e1runk!<\/p>\n\n\n\n<p>Ahogyan a vas\u00e1rnapi (okt\u00f3ber 1.) esem\u00e9nyre is, ami hihetetlen\u00fcl izgalmas sz\u00e1momra, mert m\u00e9g soha nem volt ilyenem, \u00fagyhogy hatalmas \u00f6r\u00f6mmel szeretn\u00e9m megosztani veletek, hogy<strong> a K\u00f6nyvfesztiv\u00e1lon, a Millen\u00e1ris D \u00e9p\u00fclet\u00e9nek el\u0151ad\u00f3j\u00e1ban lesz velem egy k\u00f6z\u00f6ns\u00e9g el\u0151tt t\u00f6rt\u00e9n\u0151 besz\u00e9lget\u00e9s.<\/strong><\/p>\n\n\n\n<figure class=\"wp-block-image size-full\"><img decoding=\"async\" width=\"1285\" height=\"1798\" src=\"https:\/\/www.leinerlaura.hu\/wp-content\/uploads\/2023\/08\/57A8D2B2-8060-4B8F-AF42-07A2F7EEDF99.jpeg\" alt=\"\" class=\"wp-image-1263\" srcset=\"https:\/\/www.leinerlaura.hu\/wp-content\/uploads\/2023\/08\/57A8D2B2-8060-4B8F-AF42-07A2F7EEDF99.jpeg 1285w, https:\/\/www.leinerlaura.hu\/wp-content\/uploads\/2023\/08\/57A8D2B2-8060-4B8F-AF42-07A2F7EEDF99-768x1075.jpeg 768w, https:\/\/www.leinerlaura.hu\/wp-content\/uploads\/2023\/08\/57A8D2B2-8060-4B8F-AF42-07A2F7EEDF99-1098x1536.jpeg 1098w, https:\/\/www.leinerlaura.hu\/wp-content\/uploads\/2023\/08\/57A8D2B2-8060-4B8F-AF42-07A2F7EEDF99-585x819.jpeg 585w\" sizes=\"(max-width: 1285px) 100vw, 1285px\" \/><\/figure>\n\n\n\n<p class=\"has-text-align-justify\">A programban <a rel=\"noreferrer noopener\" href=\"https:\/\/www.instagram.com\/lakatoslevente\/\" target=\"_blank\">Lakatos Levente<\/a> lesz seg\u00edts\u00e9gemre, akivel 13h \u00e9s 14h k\u00f6z\u00f6tt besz\u00e9lget\u00fcnk majd \u00edr\u00e1sr\u00f3l, a k\u00f6nyveimr\u0151l, tervekr\u0151l \u00e9s mindenf\u00e9le ilyesmi dologr\u00f3l a D \u00e9p\u00fclet Osztovits Levente term\u00e9ben, ahov\u00e1 b\u00e1rki bej\u00f6het meghallgatni minket. \ud83d\ude42 A m\u0171sornak nincs bel\u00e9p\u0151je, a terembe \u00e9rkez\u00e9si sorrendben lehet majd be\u00fclni azonban fontos tudni, hogy a terem fix f\u00e9r\u0151helyes, a visszajelz\u00e9sek alapj\u00e1n pedig \u00e9rdemes j\u00f3val el\u0151tte \u00e9rkeznie annak, aki mindenk\u00e9ppen szeretne be\u00fclni r\u00e1, mert el\u0151fordulhat, hogy tele lesz\u00fcnk. \ud83d\ude42<\/p>\n\n\n\n<p class=\"has-text-align-justify\">Nagyon v\u00e1rom ezt a programot, m\u00e1r most l\u00e1mpal\u00e1zas vagyok :D. B\u00edzom benne, hogy tetszik az \u00f6tlet nektek, valamint, hogy j\u00f3l siker\u00fcl majd.<\/p>\n\n\n\n<p>Ez teh\u00e1t a b\u0151 egy h\u00f3nap m\u00falva esed\u00e9kes <strong>Budapesti Nemzetk\u00f6zi K\u00f6nyvfesztiv\u00e1l L&amp;L k\u00f6nyvesbolt programja, szombati dedik\u00e1l\u00e1ssal, vas\u00e1rnap pedig egy nagytermi besz\u00e9lget\u00e9ssel (dedik\u00e1l\u00e1s n\u00e9lk\u00fcl)<\/strong>. Borzaszt\u00f3an k\u00e9sz\u00fcl\u00fcnk, nagyon-nagyon v\u00e1rjuk m\u00e1r, \u00e9s mindenkit sok szeretettel v\u00e1runk! <\/p>\n\n\n\n<p>K\u00f6nyvfeszt D \u00e9p\u00fclet t\u00e9rk\u00e9p a programjainkkal:<\/p>\n\n\n\n<figure class=\"wp-block-image size-full\"><img decoding=\"async\" width=\"1799\" height=\"1749\" src=\"https:\/\/www.leinerlaura.hu\/wp-content\/uploads\/2023\/09\/7CEC4EB2-B466-421C-8097-3D2DAE289DF8.jpeg\" alt=\"\" class=\"wp-image-1328\" srcset=\"https:\/\/www.leinerlaura.hu\/wp-content\/uploads\/2023\/09\/7CEC4EB2-B466-421C-8097-3D2DAE289DF8.jpeg 1799w, https:\/\/www.leinerlaura.hu\/wp-content\/uploads\/2023\/09\/7CEC4EB2-B466-421C-8097-3D2DAE289DF8-768x747.jpeg 768w, https:\/\/www.leinerlaura.hu\/wp-content\/uploads\/2023\/09\/7CEC4EB2-B466-421C-8097-3D2DAE289DF8-1536x1493.jpeg 1536w, https:\/\/www.leinerlaura.hu\/wp-content\/uploads\/2023\/09\/7CEC4EB2-B466-421C-8097-3D2DAE289DF8-585x569.jpeg 585w\" sizes=\"(max-width: 1799px) 100vw, 1799px\" \/><\/figure>\n\n\n\n\n","protected":false},"excerpt":{"rendered":"<p>Friss\u00edtett poszt, t\u00e9rk\u00e9ppel 2023. szeptember 28. \u00e9s okt\u00f3ber 1. k\u00f6z\u00f6tt ker\u00fcl megrendez\u00e9sre a Budapesti Nemzetk\u00f6zi K\u00f6nyvfesztiv\u00e1l, ahol a nagysiker\u0171 k\u00f6nyvhetes deb\u00fct\u00e1l\u00e1sa ut\u00e1n ism\u00e9t saj\u00e1t standdal vesz r\u00e9szt az L&amp;L k\u00f6nyvesbolt. A Millen\u00e1ris D \u00e9p\u00fclet\u00e9nek (\u00dcvegcsarnok) 12-es pavilonja lesz a mi\u00e9nk, ahol v\u00e9gig, a K\u00f6nyvfesztiv\u00e1l teljes id\u0151tartama alatt megtal\u00e1lhat\u00f3 lesz az L&amp;L k\u00f6nyvesbolt az \u00f6sszes k\u00f6nyvemmel,<\/p>\n","protected":false},"author":2,"featured_media":1260,"comment_status":"open","ping_status":"open","sticky":false,"template":"","format":"standard","meta":{"_jetpack_memberships_contains_paid_content":false,"footnotes":""},"categories":[13],"tags":[28,33,18],"class_list":["post-1259","post","type-post","status-publish","format-standard","has-post-thumbnail","hentry","category-blogbejegyzes","tag-dedikalas","tag-konyvfesztival","tag-ll-konyvesbolt"],"jetpack_featured_media_url":"https:\/\/www.leinerlaura.hu\/wp-content\/uploads\/2023\/08\/875AD927-7D3B-4005-979D-A4B572D8400E.jpeg","jetpack_sharing_enabled":true,"_links":{"self":[{"href":"https:\/\/www.leinerlaura.hu\/index.php\/wp-json\/wp\/v2\/posts\/1259","targetHints":{"allow":["GET"]}}],"collection":[{"href":"https:\/\/www.leinerlaura.hu\/index.php\/wp-json\/wp\/v2\/posts"}],"about":[{"href":"https:\/\/www.leinerlaura.hu\/index.php\/wp-json\/wp\/v2\/types\/post"}],"author":[{"embeddable":true,"href":"https:\/\/www.leinerlaura.hu\/index.php\/wp-json\/wp\/v2\/users\/2"}],"replies":[{"embeddable":true,"href":"https:\/\/www.leinerlaura.hu\/index.php\/wp-json\/wp\/v2\/comments?post=1259"}],"version-history":[{"count":11,"href":"https:\/\/www.leinerlaura.hu\/index.php\/wp-json\/wp\/v2\/posts\/1259\/revisions"}],"predecessor-version":[{"id":1329,"href":"https:\/\/www.leinerlaura.hu\/index.php\/wp-json\/wp\/v2\/posts\/1259\/revisions\/1329"}],"wp:featuredmedia":[{"embeddable":true,"href":"https:\/\/www.leinerlaura.hu\/index.php\/wp-json\/wp\/v2\/media\/1260"}],"wp:attachment":[{"href":"https:\/\/www.leinerlaura.hu\/index.php\/wp-json\/wp\/v2\/media?parent=1259"}],"wp:term":[{"taxonomy":"category","embeddable":true,"href":"https:\/\/www.leinerlaura.hu\/index.php\/wp-json\/wp\/v2\/categories?post=1259"},{"taxonomy":"post_tag","embeddable":true,"href":"https:\/\/www.leinerlaura.hu\/index.php\/wp-json\/wp\/v2\/tags?post=1259"}],"curies":[{"name":"wp","href":"https:\/\/api.w.org\/{rel}","templated":true}]}}