{"id":1281,"date":"2023-08-31T20:01:11","date_gmt":"2023-08-31T18:01:11","guid":{"rendered":"https:\/\/www.leinerlaura.hu\/?p=1281"},"modified":"2023-08-31T21:34:22","modified_gmt":"2023-08-31T19:34:22","slug":"nem-egyszeru","status":"publish","type":"post","link":"https:\/\/www.leinerlaura.hu\/index.php\/2023\/08\/31\/nem-egyszeru\/","title":{"rendered":"Nem egyszer\u0171"},"content":{"rendered":"\n<p class=\"has-text-align-justify\">A huszonh\u00e1rom \u00e9ves Iza szerkeszt\u0151k\u00e9nt dolgozik egy k\u00f6nyvkiad\u00f3n\u00e1l, \u00e9s a nagy lehet\u0151s\u00e9get v\u00e1rja, ami v\u00e1ratlanul az \u00f6l\u00e9be hullik, amikor r\u00e1osztj\u00e1k napjaink legn\u00e9pszer\u0171bb sz\u00edn\u00e9sz\u00e9nek memo\u00e1rj\u00e1t.<\/p>\n\n\n\n<p class=\"has-text-align-justify\">Csakhogy a k\u00e9zirat m\u00e9g nem k\u00e9sz\u00fclt el, \u00edgy Iz\u00e1nak fejezetenk\u00e9nt kell megszereznie az elfoglalt sz\u00edn\u00e9szt\u0151l, mik\u00f6zben az \u00e9lete \u00e9ppen minden m\u00e1s ter\u00fcleten is kaotikuss\u00e1 v\u00e1lik: a hat\u00e1rid\u0151vel val\u00f3 versenyz\u00e9sen t\u00fal k\u00e9nytelen megk\u00fczdeni az \u00faj alb\u00e9rlet\u00e9ben r\u00e1szakad\u00f3 pech-sz\u00e9ri\u00e1val, a sz\u00fclei \u00e1lland\u00f3 aggodalm\u00e1val, valamint a legjobb bar\u00e1tja friss kapcsolat\u00e1val, ami nem v\u00e1rt \u00e9rz\u00e9seket \u00e9breszt benne. Iza nem tehet m\u00e1st, mint sodr\u00f3dik az \u00e1rral, ahol az \u00e9letm\u0171v\u00e9sz bar\u00e1tn\u0151j\u00e9n k\u00edv\u00fcl m\u00e1r csak egy plak\u00e1tba kapaszkodhat.<\/p>\n\n\n\n<p class=\"has-text-align-justify\">Munka, bar\u00e1ts\u00e1g, szerelem \u00e9s rengeteg k\u00f6nyv Leiner Laura \u00faj, huszon\u00e9vesekr\u0151l sz\u00f3l\u00f3 romkomj\u00e1ban.<\/p>\n\n\n\n<p class=\"has-text-align-justify\">Terjedelem: 416 oldal<\/p>\n\n\n\n<p>\u00c1ra: 4990 Ft<\/p>\n\n\n\n<p>L&amp;L k\u00f6nyvesbolt megjelen\u00e9s: 2023.11.06.<\/p>\n\n\n\n<p>Hivatalos megjelen\u00e9s: 2023.11.07.<\/p>\n\n\n\n<figure class=\"wp-block-image size-full\"><img fetchpriority=\"high\" decoding=\"async\" width=\"728\" height=\"1066\" src=\"https:\/\/www.leinerlaura.hu\/wp-content\/uploads\/2023\/08\/F803A838-CBDD-49FC-ABFF-9B09893D3332.jpeg\" alt=\"\" class=\"wp-image-1291\" srcset=\"https:\/\/www.leinerlaura.hu\/wp-content\/uploads\/2023\/08\/F803A838-CBDD-49FC-ABFF-9B09893D3332.jpeg 728w, https:\/\/www.leinerlaura.hu\/wp-content\/uploads\/2023\/08\/F803A838-CBDD-49FC-ABFF-9B09893D3332-585x857.jpeg 585w\" sizes=\"(max-width: 728px) 100vw, 728px\" \/><\/figure>\n","protected":false},"excerpt":{"rendered":"<p>A huszonh\u00e1rom \u00e9ves Iza szerkeszt\u0151k\u00e9nt dolgozik egy k\u00f6nyvkiad\u00f3n\u00e1l, \u00e9s a nagy lehet\u0151s\u00e9get v\u00e1rja, ami v\u00e1ratlanul az \u00f6l\u00e9be hullik, amikor r\u00e1osztj\u00e1k napjaink legn\u00e9pszer\u0171bb sz\u00edn\u00e9sz\u00e9nek memo\u00e1rj\u00e1t. Csakhogy a k\u00e9zirat m\u00e9g nem k\u00e9sz\u00fclt el, \u00edgy Iz\u00e1nak fejezetenk\u00e9nt kell megszereznie az elfoglalt sz\u00edn\u00e9szt\u0151l, mik\u00f6zben az \u00e9lete \u00e9ppen minden m\u00e1s ter\u00fcleten is kaotikuss\u00e1 v\u00e1lik: a hat\u00e1rid\u0151vel val\u00f3 versenyz\u00e9sen t\u00fal k\u00e9nytelen<\/p>\n","protected":false},"author":2,"featured_media":1282,"comment_status":"open","ping_status":"open","sticky":false,"template":"","format":"standard","meta":{"_jetpack_memberships_contains_paid_content":false,"footnotes":""},"categories":[13],"tags":[34],"class_list":["post-1281","post","type-post","status-publish","format-standard","has-post-thumbnail","hentry","category-blogbejegyzes","tag-nem-egyszeru"],"jetpack_featured_media_url":"https:\/\/www.leinerlaura.hu\/wp-content\/uploads\/2023\/08\/1DBEA43A-33B3-4195-8D01-5D6CD956BB52.jpeg","jetpack_sharing_enabled":true,"_links":{"self":[{"href":"https:\/\/www.leinerlaura.hu\/index.php\/wp-json\/wp\/v2\/posts\/1281","targetHints":{"allow":["GET"]}}],"collection":[{"href":"https:\/\/www.leinerlaura.hu\/index.php\/wp-json\/wp\/v2\/posts"}],"about":[{"href":"https:\/\/www.leinerlaura.hu\/index.php\/wp-json\/wp\/v2\/types\/post"}],"author":[{"embeddable":true,"href":"https:\/\/www.leinerlaura.hu\/index.php\/wp-json\/wp\/v2\/users\/2"}],"replies":[{"embeddable":true,"href":"https:\/\/www.leinerlaura.hu\/index.php\/wp-json\/wp\/v2\/comments?post=1281"}],"version-history":[{"count":5,"href":"https:\/\/www.leinerlaura.hu\/index.php\/wp-json\/wp\/v2\/posts\/1281\/revisions"}],"predecessor-version":[{"id":1298,"href":"https:\/\/www.leinerlaura.hu\/index.php\/wp-json\/wp\/v2\/posts\/1281\/revisions\/1298"}],"wp:featuredmedia":[{"embeddable":true,"href":"https:\/\/www.leinerlaura.hu\/index.php\/wp-json\/wp\/v2\/media\/1282"}],"wp:attachment":[{"href":"https:\/\/www.leinerlaura.hu\/index.php\/wp-json\/wp\/v2\/media?parent=1281"}],"wp:term":[{"taxonomy":"category","embeddable":true,"href":"https:\/\/www.leinerlaura.hu\/index.php\/wp-json\/wp\/v2\/categories?post=1281"},{"taxonomy":"post_tag","embeddable":true,"href":"https:\/\/www.leinerlaura.hu\/index.php\/wp-json\/wp\/v2\/tags?post=1281"}],"curies":[{"name":"wp","href":"https:\/\/api.w.org\/{rel}","templated":true}]}}