{"id":1330,"date":"2023-09-25T16:43:37","date_gmt":"2023-09-25T14:43:37","guid":{"rendered":"https:\/\/www.leinerlaura.hu\/?p=1330"},"modified":"2023-10-04T21:07:59","modified_gmt":"2023-10-04T19:07:59","slug":"nem-egyszeru-elorendeles","status":"publish","type":"post","link":"https:\/\/www.leinerlaura.hu\/index.php\/2023\/09\/25\/nem-egyszeru-elorendeles\/","title":{"rendered":"Nem egyszer\u0171 el\u0151rendel\u00e9s"},"content":{"rendered":"\n<p class=\"has-text-align-justify\">A mai napt\u00f3l mindenhol el\u0151rendelhet\u0151v\u00e9 v\u00e1lt a novemberben megjelen\u0151 Nem egyszer\u0171 c\u00edm\u0171 k\u00f6nyvem.<\/p>\n\n\n\n<p class=\"has-text-align-justify\">Az L&amp;L k\u00f6nyvesbolt oldal\u00e1n (ami \u00f3ri\u00e1si boldogs\u00e1gunkra \u00e9s a rengeteg munk\u00e1nk hat\u00e1s\u00e1ra ez\u00fattal nem d\u0151lt \u00f6ssze \u00e9jf\u00e9lkor \ud83d\ude00 ) korl\u00e1tozott sz\u00e1mban al\u00e1\u00edrtan \u00e9rhet\u0151 el (az al\u00e1\u00edr\u00e1s nem n\u00e9vre sz\u00f3l\u00f3). Az L&amp;L-es megrendel\u00e9sek v\u00e1rhat\u00f3an november 6-\u00e1n, a m\u00e1shonnan rendelt k\u00f6nyvek a hivatalos megjelen\u00e9s napj\u00e1t\u00f3l (november 7.) ker\u00fclnek kisz\u00e1ll\u00edt\u00e1sra. Mindenkinek nagyon k\u00f6sz\u00f6n\u00f6m az \u00e9rdekl\u0151d\u00e9st a k\u00f6nyv ir\u00e1nt! \u2764\ufe0f A Nem egyszer\u0171r\u0151l b\u0151vebben <a rel=\"noreferrer noopener\" href=\"https:\/\/www.leinerlaura.hu\/index.php\/2023\/09\/15\/nem-egyszeru-teljes-borito-es-gyik\/\" target=\"_blank\">ITT<\/a> lehet olvasni.<\/p>\n\n\n\n<p><strong>El\u0151rendel\u00e9s linkek:<\/strong><\/p>\n\n\n\n<p><a href=\"https:\/\/www.llkonyvesbolt.hu\/Leiner-Laura-Nem-egyszeru\" target=\"_blank\" rel=\"noreferrer noopener\">L&amp;L k\u00f6nyvesbolt al\u00e1\u00edrt p\u00e9ld\u00e1ny<\/a><\/p>\n\n\n\n<p><a href=\"https:\/\/www.libri.hu\/konyv\/leiner_laura.nem-egyszeru.html\" target=\"_blank\" rel=\"noreferrer noopener\">Libri<\/a><\/p>\n\n\n\n<p><a rel=\"noreferrer noopener\" href=\"https:\/\/www.lira.hu\/hu\/konyv\/szepirodalom\/sci-fi-fantasy-krimi\/nem-egyszeru\" target=\"_blank\">L\u00edra<\/a><\/p>\n\n\n\n<p><a href=\"https:\/\/bookline.hu\/product\/home.action?_v=Leiner_Laura_Nem_egyszeru&amp;type=22&amp;id=343154\" target=\"_blank\" rel=\"noreferrer noopener\">Bookline<\/a><\/p>\n\n\n\n<p><a href=\"https:\/\/moobius.hu\/konyv\/regeny\/szorakoztato\/leiner-laura\/nem-egyszeru\/\" target=\"_blank\" rel=\"noreferrer noopener\">Moobius<\/a><\/p>\n\n\n\n<p><a href=\"https:\/\/book24.hu\/konyv\/szorakoztato-irodalom\/romantikus-987\/nem-egyszeru\/\" target=\"_blank\" rel=\"noreferrer noopener\">Book24<\/a><\/p>\n\n\n\n\n\n\n\n\n\n\n\n\n","protected":false},"excerpt":{"rendered":"<p>A mai napt\u00f3l mindenhol el\u0151rendelhet\u0151v\u00e9 v\u00e1lt a novemberben megjelen\u0151 Nem egyszer\u0171 c\u00edm\u0171 k\u00f6nyvem. Az L&amp;L k\u00f6nyvesbolt oldal\u00e1n (ami \u00f3ri\u00e1si boldogs\u00e1gunkra \u00e9s a rengeteg munk\u00e1nk hat\u00e1s\u00e1ra ez\u00fattal nem d\u0151lt \u00f6ssze \u00e9jf\u00e9lkor \ud83d\ude00 ) korl\u00e1tozott sz\u00e1mban al\u00e1\u00edrtan \u00e9rhet\u0151 el (az al\u00e1\u00edr\u00e1s nem n\u00e9vre sz\u00f3l\u00f3). Az L&amp;L-es megrendel\u00e9sek v\u00e1rhat\u00f3an november 6-\u00e1n, a m\u00e1shonnan rendelt k\u00f6nyvek a hivatalos megjelen\u00e9s<\/p>\n","protected":false},"author":2,"featured_media":1331,"comment_status":"open","ping_status":"open","sticky":false,"template":"","format":"standard","meta":{"_jetpack_memberships_contains_paid_content":false,"footnotes":""},"categories":[13],"tags":[34],"class_list":["post-1330","post","type-post","status-publish","format-standard","has-post-thumbnail","hentry","category-blogbejegyzes","tag-nem-egyszeru"],"jetpack_featured_media_url":"https:\/\/www.leinerlaura.hu\/wp-content\/uploads\/2023\/09\/C1D11E98-A92C-44C6-B135-8A7C0D5AE220.png","jetpack_sharing_enabled":true,"_links":{"self":[{"href":"https:\/\/www.leinerlaura.hu\/index.php\/wp-json\/wp\/v2\/posts\/1330","targetHints":{"allow":["GET"]}}],"collection":[{"href":"https:\/\/www.leinerlaura.hu\/index.php\/wp-json\/wp\/v2\/posts"}],"about":[{"href":"https:\/\/www.leinerlaura.hu\/index.php\/wp-json\/wp\/v2\/types\/post"}],"author":[{"embeddable":true,"href":"https:\/\/www.leinerlaura.hu\/index.php\/wp-json\/wp\/v2\/users\/2"}],"replies":[{"embeddable":true,"href":"https:\/\/www.leinerlaura.hu\/index.php\/wp-json\/wp\/v2\/comments?post=1330"}],"version-history":[{"count":3,"href":"https:\/\/www.leinerlaura.hu\/index.php\/wp-json\/wp\/v2\/posts\/1330\/revisions"}],"predecessor-version":[{"id":1358,"href":"https:\/\/www.leinerlaura.hu\/index.php\/wp-json\/wp\/v2\/posts\/1330\/revisions\/1358"}],"wp:featuredmedia":[{"embeddable":true,"href":"https:\/\/www.leinerlaura.hu\/index.php\/wp-json\/wp\/v2\/media\/1331"}],"wp:attachment":[{"href":"https:\/\/www.leinerlaura.hu\/index.php\/wp-json\/wp\/v2\/media?parent=1330"}],"wp:term":[{"taxonomy":"category","embeddable":true,"href":"https:\/\/www.leinerlaura.hu\/index.php\/wp-json\/wp\/v2\/categories?post=1330"},{"taxonomy":"post_tag","embeddable":true,"href":"https:\/\/www.leinerlaura.hu\/index.php\/wp-json\/wp\/v2\/tags?post=1330"}],"curies":[{"name":"wp","href":"https:\/\/api.w.org\/{rel}","templated":true}]}}