{"id":1338,"date":"2023-10-02T17:13:39","date_gmt":"2023-10-02T15:13:39","guid":{"rendered":"https:\/\/www.leinerlaura.hu\/?p=1338"},"modified":"2024-02-03T14:33:46","modified_gmt":"2024-02-03T13:33:46","slug":"ilyen-volt-a-konyvfesztival-2023","status":"publish","type":"post","link":"https:\/\/www.leinerlaura.hu\/index.php\/2023\/10\/02\/ilyen-volt-a-konyvfesztival-2023\/","title":{"rendered":"Ilyen volt a K\u00f6nyvfesztiv\u00e1l 2023"},"content":{"rendered":"\n<p class=\"has-text-align-justify\">V\u00e9get \u00e9rt az idei K\u00f6nyvfesztiv\u00e1l, ami minden t\u00falz\u00e1s n\u00e9lk\u00fcl \u00e9letem eddigi egyik legjobb \u00e9lm\u00e9nye volt, ami\u00e9rt borzaszt\u00f3an h\u00e1l\u00e1s vagyok, \u00e9s mindenkinek nagyon k\u00f6sz\u00f6n\u00f6m. Annyira intenz\u00edv volt, \u00e9s annyi pozit\u00edv impulzus \u00e9rt, hogy biztosan id\u0151be telik majd feldolgoznom, de valamennyire megpr\u00f3b\u00e1lom \u00f6sszefoglalni ebben a bejegyz\u00e9sben, hogy mi t\u00f6rt\u00e9nt az elm\u00falt n\u00e9gy napban. <\/p>\n\n\n\n<p class=\"has-text-align-justify\">A cs\u00fct\u00f6rt\u00f6k \u00e9s p\u00e9ntek f\u0151leg az L&amp;L pavilonr\u00f3l sz\u00f3lt, mert a j\u00faniusi K\u00f6nyvh\u00e9t ut\u00e1n az L&amp;L ism\u00e9t ki\u00e1ll\u00edt\u00f3k\u00e9nt vett r\u00e9szt a k\u00f6nyves esem\u00e9nyen, amire sz\u00f6rnyen b\u00fcszke vagyok, \u00e9s szerintem megint csodasz\u00e9p lett a pultunk. <\/p>\n\n\n\n<figure class=\"wp-block-image size-full\"><a href=\"https:\/\/www.llkonyvesbolt.hu\/\" target=\"_blank\" rel=\"noopener\"><img fetchpriority=\"high\" decoding=\"async\" width=\"1439\" height=\"1116\" src=\"https:\/\/www.leinerlaura.hu\/wp-content\/uploads\/2023\/10\/DC0C8D33-83C9-4F27-8858-337486B1DC91.jpeg\" alt=\"\" class=\"wp-image-1342\" srcset=\"https:\/\/www.leinerlaura.hu\/wp-content\/uploads\/2023\/10\/DC0C8D33-83C9-4F27-8858-337486B1DC91.jpeg 1439w, https:\/\/www.leinerlaura.hu\/wp-content\/uploads\/2023\/10\/DC0C8D33-83C9-4F27-8858-337486B1DC91-768x596.jpeg 768w, https:\/\/www.leinerlaura.hu\/wp-content\/uploads\/2023\/10\/DC0C8D33-83C9-4F27-8858-337486B1DC91-585x454.jpeg 585w\" sizes=\"(max-width: 1439px) 100vw, 1439px\" \/><\/a><\/figure>\n\n\n\n<p class=\"has-text-align-justify\">Nagyon sok munka \u00e9s k\u00e9sz\u00fcl\u0151d\u00e9s el\u0151zte meg a K\u00f6nyvfesztet, \u00edgy k\u00fcl\u00f6n k\u00f6sz\u00f6n\u00f6m mindenkinek a sok-sok pozit\u00edv visszajelz\u00e9st az L&amp;L pavilonr\u00f3l, \u00e9s hogy ennyien \u00e9rdekl\u0151dtetek a n\u00e9gy nap alatt. Minden, ami a fesztiv\u00e1lon elfogyott, \u00e9s m\u00e1r nem tudtak adni bel\u0151le (Remek, kieg\u00e9sz\u00edt\u0151 term\u00e9kek stb.), el\u00e9rhet\u0151 a k\u00f6nyvesboltban \u00e9s a <a href=\"https:\/\/www.llkonyvesbolt.hu\/\" target=\"_blank\" rel=\"noreferrer noopener\">webshopon<\/a> is.<\/p>\n\n\n\n<p class=\"has-text-align-justify\">A szombati napon volt a dedik\u00e1l\u00e1s, ami minden v\u00e1rakoz\u00e1somat fel\u00fclm\u00falta, m\u00e9g a h\u00edress\u00e9 v\u00e1lt K\u00f6nyvhetes sort is t\u00falsz\u00e1rnyaltuk, aminek k\u00f6vetkezt\u00e9ben f\u00e9l 11-ig \u00edrtam al\u00e1, ami azt jelenti, hogy az olvas\u00f3k \u00e9s k\u00eds\u00e9r\u0151ik t\u00f6bb, mint hat \u00f3r\u00e1t v\u00e1rakoztak. Nem gy\u0151z\u00f6m el\u00e9gg\u00e9 megh\u00e1l\u00e1lni azt a m\u00e9rhetetlen t\u00fcrelmet \u00e9s kitart\u00e1st, amit az ilyen esem\u00e9nyeken tapasztalunk, hogy t\u00f6bb \u00f3r\u00e1n \u00e1t j\u00f3 a hangulat, \u00e9s mindenki kedves egym\u00e1ssal. Elk\u00e9peszt\u0151ek vagytok, \u00e9s k\u00f6sz\u00f6n\u00f6m nektek! K\u00fcl\u00f6n szeretn\u00e9m megk\u00f6sz\u00f6nni a k\u00eds\u00e9r\u0151knek, csal\u00e1dtagoknak, bar\u00e1toknak \u00e9s bar\u00e1tn\u0151knek, hogy kiv\u00e1rt\u00e1k a sort.<\/p>\n\n\n\n<p class=\"has-text-align-justify\">A szombati napr\u00f3l m\u00e9g szeretn\u00e9k megjegyezni valamit, ami egy olyan \u00e9lm\u00e9ny volt sz\u00e1momra, ami \u00f6r\u00f6kre velem marad. Valamikor este negyed 10 k\u00f6r\u00fcl, amikor m\u00e9g tartott a dedik\u00e1l\u00e1som, megl\u00e1togatott Val\u00e9rie Perrin, a M\u00e1sodvir\u00e1gz\u00e1s, A vas\u00e1rnap koldusai \u00e9s a Tri\u00f3 szerz\u0151je, \u00edgy siker\u00fclt szem\u00e9lyesen is tal\u00e1lkoznunk. H\u00e1l\u00e1san k\u00f6sz\u00f6n\u00f6m az Eur\u00f3pa kiad\u00f3nak, akik tudt\u00e1k, hogy hatalmas kedvencem az \u00edr\u00f3n\u0151, \u00e9s mivel nem tudtam r\u00e9szt venni a dedik\u00e1l\u00e1s\u00e1n, megleptek. Elmondhatatlanul nagy megtiszteltet\u00e9s, a tal\u00e1lkoz\u00e1s pedig \u00e9letem egyik legszebb pillanata volt.<\/p>\n\n\n\n<figure class=\"wp-block-embed is-type-rich is-provider-instagram wp-block-embed-instagram\"><div class=\"wp-block-embed__wrapper\">\n<blockquote class=\"instagram-media\" data-instgrm-captioned data-instgrm-permalink=\"https:\/\/www.instagram.com\/p\/Cx2KgiNNFVF\/?utm_source=ig_embed&amp;utm_campaign=loading\" data-instgrm-version=\"14\" style=\" background:#FFF; border:0; border-radius:3px; box-shadow:0 0 1px 0 rgba(0,0,0,0.5),0 1px 10px 0 rgba(0,0,0,0.15); margin: 1px; max-width:658px; min-width:326px; padding:0; width:99.375%; width:-webkit-calc(100% - 2px); width:calc(100% - 2px);\"><div style=\"padding:16px;\"> <a href=\"https:\/\/www.instagram.com\/p\/Cx2KgiNNFVF\/?utm_source=ig_embed&amp;utm_campaign=loading\" style=\" background:#FFFFFF; line-height:0; padding:0 0; text-align:center; text-decoration:none; width:100%;\" target=\"_blank\"> <div style=\" display: flex; flex-direction: row; align-items: center;\"> <div style=\"background-color: #F4F4F4; border-radius: 50%; flex-grow: 0; height: 40px; margin-right: 14px; width: 40px;\"><\/div> <div style=\"display: flex; flex-direction: column; flex-grow: 1; justify-content: center;\"> <div style=\" background-color: #F4F4F4; border-radius: 4px; flex-grow: 0; height: 14px; margin-bottom: 6px; width: 100px;\"><\/div> <div style=\" background-color: #F4F4F4; border-radius: 4px; flex-grow: 0; height: 14px; width: 60px;\"><\/div><\/div><\/div><div style=\"padding: 19% 0;\"><\/div> <div style=\"display:block; height:50px; margin:0 auto 12px; width:50px;\"><svg width=\"50px\" height=\"50px\" viewBox=\"0 0 60 60\" version=\"1.1\" xmlns=\"https:\/\/www.w3.org\/2000\/svg\" xmlns:xlink=\"https:\/\/www.w3.org\/1999\/xlink\"><g stroke=\"none\" stroke-width=\"1\" fill=\"none\" fill-rule=\"evenodd\"><g transform=\"translate(-511.000000, -20.000000)\" fill=\"#000000\"><g><path d=\"M556.869,30.41 C554.814,30.41 553.148,32.076 553.148,34.131 C553.148,36.186 554.814,37.852 556.869,37.852 C558.924,37.852 560.59,36.186 560.59,34.131 C560.59,32.076 558.924,30.41 556.869,30.41 M541,60.657 C535.114,60.657 530.342,55.887 530.342,50 C530.342,44.114 535.114,39.342 541,39.342 C546.887,39.342 551.658,44.114 551.658,50 C551.658,55.887 546.887,60.657 541,60.657 M541,33.886 C532.1,33.886 524.886,41.1 524.886,50 C524.886,58.899 532.1,66.113 541,66.113 C549.9,66.113 557.115,58.899 557.115,50 C557.115,41.1 549.9,33.886 541,33.886 M565.378,62.101 C565.244,65.022 564.756,66.606 564.346,67.663 C563.803,69.06 563.154,70.057 562.106,71.106 C561.058,72.155 560.06,72.803 558.662,73.347 C557.607,73.757 556.021,74.244 553.102,74.378 C549.944,74.521 548.997,74.552 541,74.552 C533.003,74.552 532.056,74.521 528.898,74.378 C525.979,74.244 524.393,73.757 523.338,73.347 C521.94,72.803 520.942,72.155 519.894,71.106 C518.846,70.057 518.197,69.06 517.654,67.663 C517.244,66.606 516.755,65.022 516.623,62.101 C516.479,58.943 516.448,57.996 516.448,50 C516.448,42.003 516.479,41.056 516.623,37.899 C516.755,34.978 517.244,33.391 517.654,32.338 C518.197,30.938 518.846,29.942 519.894,28.894 C520.942,27.846 521.94,27.196 523.338,26.654 C524.393,26.244 525.979,25.756 528.898,25.623 C532.057,25.479 533.004,25.448 541,25.448 C548.997,25.448 549.943,25.479 553.102,25.623 C556.021,25.756 557.607,26.244 558.662,26.654 C560.06,27.196 561.058,27.846 562.106,28.894 C563.154,29.942 563.803,30.938 564.346,32.338 C564.756,33.391 565.244,34.978 565.378,37.899 C565.522,41.056 565.552,42.003 565.552,50 C565.552,57.996 565.522,58.943 565.378,62.101 M570.82,37.631 C570.674,34.438 570.167,32.258 569.425,30.349 C568.659,28.377 567.633,26.702 565.965,25.035 C564.297,23.368 562.623,22.342 560.652,21.575 C558.743,20.834 556.562,20.326 553.369,20.18 C550.169,20.033 549.148,20 541,20 C532.853,20 531.831,20.033 528.631,20.18 C525.438,20.326 523.257,20.834 521.349,21.575 C519.376,22.342 517.703,23.368 516.035,25.035 C514.368,26.702 513.342,28.377 512.574,30.349 C511.834,32.258 511.326,34.438 511.181,37.631 C511.035,40.831 511,41.851 511,50 C511,58.147 511.035,59.17 511.181,62.369 C511.326,65.562 511.834,67.743 512.574,69.651 C513.342,71.625 514.368,73.296 516.035,74.965 C517.703,76.634 519.376,77.658 521.349,78.425 C523.257,79.167 525.438,79.673 528.631,79.82 C531.831,79.965 532.853,80.001 541,80.001 C549.148,80.001 550.169,79.965 553.369,79.82 C556.562,79.673 558.743,79.167 560.652,78.425 C562.623,77.658 564.297,76.634 565.965,74.965 C567.633,73.296 568.659,71.625 569.425,69.651 C570.167,67.743 570.674,65.562 570.82,62.369 C570.966,59.17 571,58.147 571,50 C571,41.851 570.966,40.831 570.82,37.631\"><\/path><\/g><\/g><\/g><\/svg><\/div><div style=\"padding-top: 8px;\"> <div style=\" color:#3897f0; font-family:Arial,sans-serif; font-size:14px; font-style:normal; font-weight:550; line-height:18px;\">View this post on Instagram<\/div><\/div><div style=\"padding: 12.5% 0;\"><\/div> <div style=\"display: flex; flex-direction: row; margin-bottom: 14px; align-items: center;\"><div> <div style=\"background-color: #F4F4F4; border-radius: 50%; height: 12.5px; width: 12.5px; transform: translateX(0px) translateY(7px);\"><\/div> <div style=\"background-color: #F4F4F4; height: 12.5px; transform: rotate(-45deg) translateX(3px) translateY(1px); width: 12.5px; flex-grow: 0; margin-right: 14px; margin-left: 2px;\"><\/div> <div style=\"background-color: #F4F4F4; border-radius: 50%; height: 12.5px; width: 12.5px; transform: translateX(9px) translateY(-18px);\"><\/div><\/div><div style=\"margin-left: 8px;\"> <div style=\" background-color: #F4F4F4; border-radius: 50%; flex-grow: 0; height: 20px; width: 20px;\"><\/div> <div style=\" width: 0; height: 0; border-top: 2px solid transparent; border-left: 6px solid #f4f4f4; border-bottom: 2px solid transparent; transform: translateX(16px) translateY(-4px) rotate(30deg)\"><\/div><\/div><div style=\"margin-left: auto;\"> <div style=\" width: 0px; border-top: 8px solid #F4F4F4; border-right: 8px solid transparent; transform: translateY(16px);\"><\/div> <div style=\" background-color: #F4F4F4; flex-grow: 0; height: 12px; width: 16px; transform: translateY(-4px);\"><\/div> <div style=\" width: 0; height: 0; border-top: 8px solid #F4F4F4; border-left: 8px solid transparent; transform: translateY(-4px) translateX(8px);\"><\/div><\/div><\/div> <div style=\"display: flex; flex-direction: column; flex-grow: 1; justify-content: center; margin-bottom: 24px;\"> <div style=\" background-color: #F4F4F4; border-radius: 4px; flex-grow: 0; height: 14px; margin-bottom: 6px; width: 224px;\"><\/div> <div style=\" background-color: #F4F4F4; border-radius: 4px; flex-grow: 0; height: 14px; width: 144px;\"><\/div><\/div><\/a><p style=\" color:#c9c8cd; font-family:Arial,sans-serif; font-size:14px; line-height:17px; margin-bottom:0; margin-top:8px; overflow:hidden; padding:8px 0 7px; text-align:center; text-overflow:ellipsis; white-space:nowrap;\"><a href=\"https:\/\/www.instagram.com\/p\/Cx2KgiNNFVF\/?utm_source=ig_embed&amp;utm_campaign=loading\" style=\" color:#c9c8cd; font-family:Arial,sans-serif; font-size:14px; font-style:normal; font-weight:normal; line-height:17px; text-decoration:none;\" target=\"_blank\">A post shared by Leiner Laura (@leinerlauraofficial)<\/a><\/p><\/div><\/blockquote><script async src=\"\/\/platform.instagram.com\/en_US\/embeds.js\"><\/script>\n<\/div><\/figure>\n\n\n<section>\n<p>\u00a0<\/p>\n<\/section>\n\n\n<p class=\"has-text-align-justify\">\u00c9s alig, hogy v\u00e9get \u00e9rt a szombati nap, j\u00f6tt a vas\u00e1rnap, aminek a programja p\u00f3diumbesz\u00e9lget\u00e9s volt <a href=\"https:\/\/www.instagram.com\/lakatoslevente\/\" target=\"_blank\" rel=\"noreferrer noopener\">Lakatos Levent\u00e9vel<\/a>. A nagy \u00e9rdekl\u0151d\u00e9sre val\u00f3 tekintettel helysz\u00ednv\u00e1ltoz\u00e1s is t\u00f6rt\u00e9nt, \u00e1traktak minket egy nagyobb terembe, \u00e9s 13h-kor elkezd\u0151d\u00f6tt az 50 perces besz\u00e9lget\u00e9s. Nagyon k\u00f6sz\u00f6n\u00f6m Levent\u00e9nek, hogy seg\u00edtett felold\u00f3dni, rettenetesen izgultam, de minden z\u00f6kken\u0151mentesen ment, \u00e9s egy j\u00f3 hangulat\u00fa \u00e9s \u0151szinte, amolyan igazi komfortbesz\u00e9lget\u00e9s alakult ki, ami egyr\u00e9szt annak k\u00f6sz\u00f6nhet\u0151, hogy tizenh\u00e1rom \u00e9ve nagyon j\u00f3 bar\u00e1tok vagyunk, m\u00e1sr\u00e9szt pedig term\u00e9szetesen Levente profizmus\u00e1nak, amit a <a href=\"https:\/\/www.youtube.com\/@leventeklubja\" target=\"_blank\" rel=\"noreferrer noopener\">Podcast<\/a> csatorn\u00e1j\u00e1n is h\u00e9tr\u0151l-h\u00e9tre bizony\u00edt. <\/p>\n\n\n\n<p class=\"has-text-align-justify\">A besz\u00e9lget\u00e9s teljes terjedelm\u00e9ben visszan\u00e9zhet\u0151: (ha itt az oldalon szeretn\u00e9tek megn\u00e9zni, telefonon elvileg rendesen megjelenik, tableten pedig a vide\u00f3ablakra kattintva a jobb als\u00f3 sarokban l\u00e9v\u0151 ny\u00edllal tudj\u00e1tok kinagy\u00edtani)<\/p>\n\n\n\n<p><iframe style=\"border: none; overflow: hidden;\" src=\"https:\/\/www.facebook.com\/plugins\/video.php?height=476&amp;href=https%3A%2F%2Fwww.facebook.com%2Fleinerlauraofficial%2Fvideos%2F823700726206421%2F&amp;show_text=false&amp;width=267&amp;t=0\" width=\"267\" height=\"476\" frameborder=\"0\" scrolling=\"no\" allowfullscreen=\"allowfullscreen\"><\/iframe><\/p>\n\n\n\n<p class=\"has-text-align-justify\">Az 50 percbe sok t\u00e9ma belef\u00e9rt, esett sz\u00f3 a sorozataimr\u00f3l, az egyr\u00e9szesekr\u0151l, az elm\u00falt tizenh\u00e1rom \u00e9v m\u00e9lys\u00e9geir\u0151l \u00e9s magass\u00e1gair\u00f3l, a t\u00f6bbi szerz\u0151h\u00f6z f\u0171z\u0151d\u0151 kapcsolatomr\u00f3l, a k\u00f6z\u00f6ss\u00e9gi oldalakr\u00f3l, \u00e9s el\u0151sz\u00f6r besz\u00e9ltem arr\u00f3l is, hogy annak idej\u00e9n mi vezetett arra, hogy megv\u00e1ltam a Twitter oldalamt\u00f3l, \u00e9s v\u00e1ltottam a kev\u00e9sb\u00e9 szem\u00e9lyes fel\u00fcletekre. A besz\u00e9lget\u00e9s ezen r\u00e9sze nem volt el\u0151re leegyeztetve, spont\u00e1n terel\u0151d\u00f6tt r\u00e1 a sz\u00f3, \u00e9n pedig err\u0151l most az egyszer szerettem volna besz\u00e9lni, amivel kapcsolatban k\u00f6sz\u00f6n\u00f6m a meg\u00e9rt\u00e9st, \u00e9s b\u00edzom benne, hogy akit magyar\u00e1zat n\u00e9lk\u00fcl hagytam akkoriban, most ut\u00f3lag meg\u00e9rti a d\u00f6nt\u00e9sem ok\u00e1t.&nbsp;<\/p>\n\n\n\n<p class=\"has-text-align-justify\">A besz\u00e9lget\u00e9sben besz\u00e9lt\u00fcnk m\u00e9g a <a href=\"https:\/\/www.tiktok.com\/@leinerlaura\" target=\"_blank\" rel=\"noreferrer noopener\">TikTokr\u00f3l<\/a> (\u00e1ltal\u00e1noss\u00e1gban, \u00e9s k\u00fcl\u00f6n az eny\u00e9mr\u0151l is), a k\u00f6nyvpiac tel\u00edtetts\u00e9g\u00e9r\u0151l, valamint arr\u00f3l is, hogy j\u00f6v\u0151re k\u00e9t k\u00f6nyvet tervezek megjelentetni, azonban ezen m\u00e1r k\u00f6nnyen v\u00e1ltoztatok, ha \u00fagy \u00e9rzem, sok vagyok, vagy nagyon zs\u00fafolt a k\u00edn\u00e1lat.&nbsp;<\/p>\n\n\n\n<p class=\"has-text-align-justify\">V\u00e9g\u00fcl pedig sz\u00f3 volt a novemberben megjelen\u0151 Nem egyszer\u0171r\u0151l, ami az elm\u00falt napokban kicsit h\u00e1tt\u00e9rbe szorult a K\u00f6nyvfesztiv\u00e1l miatt, de legnagyobb boldogs\u00e1gomra el\u0151rendel\u00e9si sikerlist\u00e1n szerepel a <a href=\"https:\/\/www.libri.hu\/konyv\/leiner_laura.nem-egyszeru.html\" target=\"_blank\" rel=\"noreferrer noopener\">Librin<\/a> \u00e9s a <a href=\"https:\/\/www.lira.hu\/hu\/konyv\/szepirodalom\/sci-fi-fantasy-krimi\/nem-egyszeru\" target=\"_blank\" rel=\"noreferrer noopener\">L\u00edr\u00e1n<\/a> is, tov\u00e1bb\u00e1 el\u00e9rhet\u0151 bel\u0151le al\u00e1\u00edrt p\u00e9ld\u00e1ny matric\u00e1val az <a href=\"https:\/\/www.llkonyvesbolt.hu\/Leiner-Laura-Nem-egyszeru\" target=\"_blank\" rel=\"noreferrer noopener\">L&amp;L webshopj\u00e1n<\/a>.&nbsp;<\/p>\n\n\n\n<p class=\"has-text-align-justify\">Ezzel z\u00e1rtuk a besz\u00e9lget\u00e9st, illetve nem teljesen\u2026 \ud83d\ude00 A v\u00e9ge volt a&nbsp;legviccesebb, mert, tekintve, hogy nagyon izgul\u00f3s vagyok, \u00e9s nehezen tudom lereag\u00e1lni azt, ha nagyon a figyelem k\u00f6z\u00e9ppontj\u00e1ban vagyok, el\u0151re megbesz\u00e9lt\u00fck, hogy ne nagyon tapsoltassunk engem, mert nagyon zavarba j\u00f6v\u00f6k t\u0151le, ez\u00e9rt Levente \u00fagy gondolta, att\u00f3l kev\u00e9sb\u00e9 feszengek, ha mindenki azt kiab\u00e1lja egyszerre, hogy \u201cszeret\u00fcnk Laura\u201d. Term\u00e9szetesen ett\u0151l extr\u00e1n beszorongtam. :DD Ez l\u00e1that\u00f3 is a vide\u00f3 v\u00e9g\u00e9n, valamint szerintem az is, hogy mennyire, de mennyire nagyon boldog voltam.&nbsp;<\/p>\n\n\n\n<p>K\u00f6sz\u00f6n\u00f6m mindenkinek az elm\u00falt napokat, \u00e9letresz\u00f3l\u00f3 \u00e9lm\u00e9ny volt!<\/p>\n\n\n<p>Most hagyok erre egy kis id\u0151t, mert van mit feldolgoznom, novemberben pedig \u00e9rkezik a Nem egyszer\u0171!<\/p>\n<section>\n<p>\u00a0<\/p>\n<\/section>","protected":false},"excerpt":{"rendered":"<p>V\u00e9get \u00e9rt az idei K\u00f6nyvfesztiv\u00e1l, ami minden t\u00falz\u00e1s n\u00e9lk\u00fcl \u00e9letem eddigi egyik legjobb \u00e9lm\u00e9nye volt, ami\u00e9rt borzaszt\u00f3an h\u00e1l\u00e1s vagyok, \u00e9s mindenkinek nagyon k\u00f6sz\u00f6n\u00f6m. Annyira intenz\u00edv volt, \u00e9s annyi pozit\u00edv impulzus \u00e9rt, hogy biztosan id\u0151be telik majd feldolgoznom, de valamennyire megpr\u00f3b\u00e1lom \u00f6sszefoglalni ebben a bejegyz\u00e9sben, hogy mi t\u00f6rt\u00e9nt az elm\u00falt n\u00e9gy napban. A cs\u00fct\u00f6rt\u00f6k \u00e9s p\u00e9ntek<\/p>\n","protected":false},"author":2,"featured_media":1341,"comment_status":"open","ping_status":"open","sticky":false,"template":"","format":"standard","meta":{"_jetpack_memberships_contains_paid_content":false,"footnotes":""},"categories":[13],"tags":[33,34],"class_list":["post-1338","post","type-post","status-publish","format-standard","has-post-thumbnail","hentry","category-blogbejegyzes","tag-konyvfesztival","tag-nem-egyszeru"],"jetpack_featured_media_url":"https:\/\/www.leinerlaura.hu\/wp-content\/uploads\/2023\/10\/0C1CE185-B852-422A-8AAC-F0376645EB8C.jpeg","jetpack_sharing_enabled":true,"_links":{"self":[{"href":"https:\/\/www.leinerlaura.hu\/index.php\/wp-json\/wp\/v2\/posts\/1338","targetHints":{"allow":["GET"]}}],"collection":[{"href":"https:\/\/www.leinerlaura.hu\/index.php\/wp-json\/wp\/v2\/posts"}],"about":[{"href":"https:\/\/www.leinerlaura.hu\/index.php\/wp-json\/wp\/v2\/types\/post"}],"author":[{"embeddable":true,"href":"https:\/\/www.leinerlaura.hu\/index.php\/wp-json\/wp\/v2\/users\/2"}],"replies":[{"embeddable":true,"href":"https:\/\/www.leinerlaura.hu\/index.php\/wp-json\/wp\/v2\/comments?post=1338"}],"version-history":[{"count":15,"href":"https:\/\/www.leinerlaura.hu\/index.php\/wp-json\/wp\/v2\/posts\/1338\/revisions"}],"predecessor-version":[{"id":1788,"href":"https:\/\/www.leinerlaura.hu\/index.php\/wp-json\/wp\/v2\/posts\/1338\/revisions\/1788"}],"wp:featuredmedia":[{"embeddable":true,"href":"https:\/\/www.leinerlaura.hu\/index.php\/wp-json\/wp\/v2\/media\/1341"}],"wp:attachment":[{"href":"https:\/\/www.leinerlaura.hu\/index.php\/wp-json\/wp\/v2\/media?parent=1338"}],"wp:term":[{"taxonomy":"category","embeddable":true,"href":"https:\/\/www.leinerlaura.hu\/index.php\/wp-json\/wp\/v2\/categories?post=1338"},{"taxonomy":"post_tag","embeddable":true,"href":"https:\/\/www.leinerlaura.hu\/index.php\/wp-json\/wp\/v2\/tags?post=1338"}],"curies":[{"name":"wp","href":"https:\/\/api.w.org\/{rel}","templated":true}]}}