{"id":1882,"date":"2024-04-12T17:28:30","date_gmt":"2024-04-12T15:28:30","guid":{"rendered":"https:\/\/www.leinerlaura.hu\/?p=1882"},"modified":"2024-04-12T17:38:04","modified_gmt":"2024-04-12T15:38:04","slug":"moly-dij-jelolt-a-nem-egyszeru-es-40-nyari-nap","status":"publish","type":"post","link":"https:\/\/www.leinerlaura.hu\/index.php\/2024\/04\/12\/moly-dij-jelolt-a-nem-egyszeru-es-40-nyari-nap\/","title":{"rendered":"Moly-d\u00edj jel\u00f6lt a Nem egyszer\u0171 \u00e9s 40 ny\u00e1ri nap"},"content":{"rendered":"\n<p class=\"has-text-align-justify\">Elindult a 2024-es <a href=\"https:\/\/moly.hu\/moly-dij\">Moly-d\u00edj<\/a> szavaz\u00e1s, ahol az a hatalmas megtiszteltet\u00e9s \u00e9rt, hogy k\u00e9t k\u00f6nyvem is beker\u00fclt a jel\u00f6ltek k\u00f6z\u00e9. A <strong>40 ny\u00e1ri nap<\/strong> az <strong>Egy voltam k\u00f6z\u00fcl\u00fck<\/strong> &#8211; <em>K\u00f6nyvek, amelyekben egy\u00fctt kalandozunk, egy\u00fctt \u00e9rz\u00fcnk, egy\u00fctt l\u00e9legz\u00fcnk fel a szerepl\u0151kkel<\/em> kateg\u00f3ria, a <strong>Nem egyszer\u0171 <\/strong>pedig a <strong>Gurultam a nevet\u00e9st\u0151l<\/strong> &#8211; <em>K\u00f6nyvek, melyeken hangosan felr\u00f6h\u00f6g az ember<\/em> kateg\u00f3ria jel\u00f6ltje.<\/p>\n\n\n\n<p class=\"has-text-align-justify\">H\u00e1l\u00e1san k\u00f6sz\u00f6n\u00f6m a jel\u00f6l\u00e9st, \u00e9s azt is, hogy mindk\u00e9t k\u00f6nyv ilyen fantasztikus kateg\u00f3ri\u00e1ba ker\u00fclhetett, elk\u00e9peszt\u0151n b\u00fcszke vagyok r\u00e1, \u00e9s nagyon boldogg\u00e1 tesz!<\/p>\n\n\n\n<figure class=\"wp-block-image size-full\"><a href=\"https:\/\/moly.hu\/moly-dij\" target=\"_blank\" rel=\"noreferrer noopener\"><img fetchpriority=\"high\" decoding=\"async\" width=\"640\" height=\"320\" src=\"https:\/\/www.leinerlaura.hu\/wp-content\/uploads\/2024\/04\/84734FF2-FA00-4250-AA8B-408074A09046.png\" alt=\"\" class=\"wp-image-1885\" srcset=\"https:\/\/www.leinerlaura.hu\/wp-content\/uploads\/2024\/04\/84734FF2-FA00-4250-AA8B-408074A09046.png 640w, https:\/\/www.leinerlaura.hu\/wp-content\/uploads\/2024\/04\/84734FF2-FA00-4250-AA8B-408074A09046-585x293.png 585w\" sizes=\"(max-width: 640px) 100vw, 640px\" \/><\/a><\/figure>\n\n\n\n<p><strong>A szavaz\u00e1sr\u00f3l:<\/strong><\/p>\n\n\n\n<p class=\"has-text-align-justify\">Szavazni 2024 m\u00e1jus 31-ig lehet a <a href=\"https:\/\/moly.hu\/moly-dij\" target=\"_blank\" rel=\"noreferrer noopener\">moly.hu\/moly-dij<\/a> oldalon. A bel\u00e9p\u00e9st k\u00f6vet\u0151en (akinek nincs regisztr\u00e1ci\u00f3ja, facebook profillal is bel\u00e9phet, vagy regisztr\u00e1lhat email c\u00edmmel) megjelenik a kateg\u00f3ri\u00e1k list\u00e1ja. Csak m\u00e1r olvasott k\u00f6nyvre lehet voksolni, amit kor\u00e1bbi olvasottnak jel\u00f6l\u00e9s eset\u00e9n automatikusan megjelen\u00edt a lista (a k\u00f6nyv mellett egy kis + jel form\u00e1j\u00e1ban), amire kattintva leadhat\u00f3 a szavazat. \u00cdgy:<\/p>\n\n\n\n<figure class=\"wp-block-image size-full\"><img decoding=\"async\" width=\"1356\" height=\"280\" src=\"https:\/\/www.leinerlaura.hu\/wp-content\/uploads\/2024\/04\/20D0FA00-534E-429F-A68B-6875AC5D9232.jpeg\" alt=\"\" class=\"wp-image-1889\" srcset=\"https:\/\/www.leinerlaura.hu\/wp-content\/uploads\/2024\/04\/20D0FA00-534E-429F-A68B-6875AC5D9232.jpeg 1356w, https:\/\/www.leinerlaura.hu\/wp-content\/uploads\/2024\/04\/20D0FA00-534E-429F-A68B-6875AC5D9232-768x159.jpeg 768w, https:\/\/www.leinerlaura.hu\/wp-content\/uploads\/2024\/04\/20D0FA00-534E-429F-A68B-6875AC5D9232-585x121.jpeg 585w\" sizes=\"(max-width: 1356px) 100vw, 1356px\" \/><\/figure>\n\n\n\n<figure class=\"wp-block-image size-full\"><img decoding=\"async\" width=\"1351\" height=\"281\" src=\"https:\/\/www.leinerlaura.hu\/wp-content\/uploads\/2024\/04\/8FB1F3BF-CA9B-43E8-836B-5EA2AC63EF98.jpeg\" alt=\"\" class=\"wp-image-1890\" srcset=\"https:\/\/www.leinerlaura.hu\/wp-content\/uploads\/2024\/04\/8FB1F3BF-CA9B-43E8-836B-5EA2AC63EF98.jpeg 1351w, https:\/\/www.leinerlaura.hu\/wp-content\/uploads\/2024\/04\/8FB1F3BF-CA9B-43E8-836B-5EA2AC63EF98-768x160.jpeg 768w, https:\/\/www.leinerlaura.hu\/wp-content\/uploads\/2024\/04\/8FB1F3BF-CA9B-43E8-836B-5EA2AC63EF98-585x122.jpeg 585w\" sizes=\"(max-width: 1351px) 100vw, 1351px\" \/><\/figure>\n\n\n\n<p>Amennyiben a k\u00f6nyv nincs be\u00e1ll\u00edtva olvasottnak, az adatlapon lehet jel\u00f6lni, ak\u00e1r visszamen\u0151leg is. \u00cdgy:<\/p>\n\n\n\n<figure class=\"wp-block-image size-full\"><img loading=\"lazy\" decoding=\"async\" width=\"1474\" height=\"721\" src=\"https:\/\/www.leinerlaura.hu\/wp-content\/uploads\/2024\/04\/C892F58D-8B10-454A-82B7-33D495D1DA9B.jpeg\" alt=\"\" class=\"wp-image-1891\" srcset=\"https:\/\/www.leinerlaura.hu\/wp-content\/uploads\/2024\/04\/C892F58D-8B10-454A-82B7-33D495D1DA9B.jpeg 1474w, https:\/\/www.leinerlaura.hu\/wp-content\/uploads\/2024\/04\/C892F58D-8B10-454A-82B7-33D495D1DA9B-768x376.jpeg 768w, https:\/\/www.leinerlaura.hu\/wp-content\/uploads\/2024\/04\/C892F58D-8B10-454A-82B7-33D495D1DA9B-585x286.jpeg 585w\" sizes=\"(max-width: 1474px) 100vw, 1474px\" \/><\/figure>\n\n\n\n<figure class=\"wp-block-image size-full\"><img loading=\"lazy\" decoding=\"async\" width=\"1797\" height=\"565\" src=\"https:\/\/www.leinerlaura.hu\/wp-content\/uploads\/2024\/04\/2DD30EAE-5ED8-4E6C-A20E-8EBCA03DB8F9.jpeg\" alt=\"\" class=\"wp-image-1892\" srcset=\"https:\/\/www.leinerlaura.hu\/wp-content\/uploads\/2024\/04\/2DD30EAE-5ED8-4E6C-A20E-8EBCA03DB8F9.jpeg 1797w, https:\/\/www.leinerlaura.hu\/wp-content\/uploads\/2024\/04\/2DD30EAE-5ED8-4E6C-A20E-8EBCA03DB8F9-768x241.jpeg 768w, https:\/\/www.leinerlaura.hu\/wp-content\/uploads\/2024\/04\/2DD30EAE-5ED8-4E6C-A20E-8EBCA03DB8F9-1536x483.jpeg 1536w, https:\/\/www.leinerlaura.hu\/wp-content\/uploads\/2024\/04\/2DD30EAE-5ED8-4E6C-A20E-8EBCA03DB8F9-585x184.jpeg 585w\" sizes=\"(max-width: 1797px) 100vw, 1797px\" \/><\/figure>\n\n\n\n<p class=\"has-text-align-justify\">\u00c9s itt ki lehet v\u00e1lasztani az \u00e9vet is. Ezek ut\u00e1n m\u00e1r leadhat\u00f3 a k\u00f6nyvre a szavazat a <a href=\"https:\/\/moly.hu\/moly-dij\" target=\"_blank\" rel=\"noreferrer noopener\">Moly-d\u00edj<\/a> list\u00e1j\u00e1ban, csak vissza kell menni a szavaz\u00e1s oldal\u00e1ra, \u00e9s m\u00e1r ott is a pluszjel. \ud83d\ude42 <\/p>\n\n\n\n<figure class=\"wp-block-image size-full\"><img loading=\"lazy\" decoding=\"async\" width=\"1382\" height=\"294\" src=\"https:\/\/www.leinerlaura.hu\/wp-content\/uploads\/2024\/04\/6B05CF90-40F4-4C9C-BBBD-0CE696498EC9.jpeg\" alt=\"\" class=\"wp-image-1893\" srcset=\"https:\/\/www.leinerlaura.hu\/wp-content\/uploads\/2024\/04\/6B05CF90-40F4-4C9C-BBBD-0CE696498EC9.jpeg 1382w, https:\/\/www.leinerlaura.hu\/wp-content\/uploads\/2024\/04\/6B05CF90-40F4-4C9C-BBBD-0CE696498EC9-768x163.jpeg 768w, https:\/\/www.leinerlaura.hu\/wp-content\/uploads\/2024\/04\/6B05CF90-40F4-4C9C-BBBD-0CE696498EC9-585x124.jpeg 585w\" sizes=\"(max-width: 1382px) 100vw, 1382px\" \/><\/figure>\n\n\n\n<figure class=\"wp-block-image size-full\"><img loading=\"lazy\" decoding=\"async\" width=\"1398\" height=\"303\" src=\"https:\/\/www.leinerlaura.hu\/wp-content\/uploads\/2024\/04\/D1E223C6-70CC-46D5-8479-32A6DDE5F19E.jpeg\" alt=\"\" class=\"wp-image-1894\" srcset=\"https:\/\/www.leinerlaura.hu\/wp-content\/uploads\/2024\/04\/D1E223C6-70CC-46D5-8479-32A6DDE5F19E.jpeg 1398w, https:\/\/www.leinerlaura.hu\/wp-content\/uploads\/2024\/04\/D1E223C6-70CC-46D5-8479-32A6DDE5F19E-768x166.jpeg 768w, https:\/\/www.leinerlaura.hu\/wp-content\/uploads\/2024\/04\/D1E223C6-70CC-46D5-8479-32A6DDE5F19E-585x127.jpeg 585w\" sizes=\"(max-width: 1398px) 100vw, 1398px\" \/><\/figure>\n\n\n\n<p>\u00cdgy lehet szavazni a reg\u00e9nyekre. (Ha pedig esetleg a visszamen\u0151leg be\u00e1ll\u00edtott olvas\u00e1sn\u00e1l csillagoz\u00e1s\/\u00e9rt\u00e9kel\u00e9s is t\u00f6rt\u00e9nne, azt nagyon megk\u00f6sz\u00f6n\u00f6m).<\/p>\n\n\n\n<p><a href=\"https:\/\/moly.hu\/moly-dij\">moly.hu\/moly-dij<\/a><\/p>\n\n\n\n<p>Fontos m\u00e9g, hogy kateg\u00f3ri\u00e1nk\u00e9nt csak egy k\u00f6nyvre lehet voksolni, a szavaz\u00e1s pedig egyk\u00f6r\u00f6s, m\u00e1jus 31-ig \u00e9r v\u00e9get, ut\u00e1na lesz eredm\u00e9nyhirdet\u00e9s. <\/p>\n\n\n\n<p>M\u00e9g egyszer h\u00e1l\u00e1san k\u00f6sz\u00f6n\u00f6m, elmondhatatlanul b\u00fcszke vagyok a <strong>Nem egyszer\u0171 &#8211; Gurultam a nevet\u00e9st\u0151l<\/strong> \u00e9s a <strong>40 ny\u00e1ri nap &#8211; Egy voltam k\u00f6z\u00fcl\u00fck<\/strong> jel\u00f6l\u00e9s\u00e9re. \ud83e\udd79 <\/p>\n","protected":false},"excerpt":{"rendered":"<p>Elindult a 2024-es Moly-d\u00edj szavaz\u00e1s, ahol az a hatalmas megtiszteltet\u00e9s \u00e9rt, hogy k\u00e9t k\u00f6nyvem is beker\u00fclt a jel\u00f6ltek k\u00f6z\u00e9. A 40 ny\u00e1ri nap az Egy voltam k\u00f6z\u00fcl\u00fck &#8211; K\u00f6nyvek, amelyekben egy\u00fctt kalandozunk, egy\u00fctt \u00e9rz\u00fcnk, egy\u00fctt l\u00e9legz\u00fcnk fel a szerepl\u0151kkel kateg\u00f3ria, a Nem egyszer\u0171 pedig a Gurultam a nevet\u00e9st\u0151l &#8211; K\u00f6nyvek, melyeken hangosan felr\u00f6h\u00f6g az ember<\/p>\n","protected":false},"author":2,"featured_media":1884,"comment_status":"open","ping_status":"open","sticky":false,"template":"","format":"standard","meta":{"_jetpack_memberships_contains_paid_content":false,"footnotes":""},"categories":[13],"tags":[27,34],"class_list":["post-1882","post","type-post","status-publish","format-standard","has-post-thumbnail","hentry","category-blogbejegyzes","tag-40-nyari-nap","tag-nem-egyszeru"],"jetpack_featured_media_url":"https:\/\/www.leinerlaura.hu\/wp-content\/uploads\/2024\/04\/F33D700C-E5E8-47D9-B33A-87B0B35E1C7A-scaled.jpeg","jetpack_sharing_enabled":true,"_links":{"self":[{"href":"https:\/\/www.leinerlaura.hu\/index.php\/wp-json\/wp\/v2\/posts\/1882","targetHints":{"allow":["GET"]}}],"collection":[{"href":"https:\/\/www.leinerlaura.hu\/index.php\/wp-json\/wp\/v2\/posts"}],"about":[{"href":"https:\/\/www.leinerlaura.hu\/index.php\/wp-json\/wp\/v2\/types\/post"}],"author":[{"embeddable":true,"href":"https:\/\/www.leinerlaura.hu\/index.php\/wp-json\/wp\/v2\/users\/2"}],"replies":[{"embeddable":true,"href":"https:\/\/www.leinerlaura.hu\/index.php\/wp-json\/wp\/v2\/comments?post=1882"}],"version-history":[{"count":8,"href":"https:\/\/www.leinerlaura.hu\/index.php\/wp-json\/wp\/v2\/posts\/1882\/revisions"}],"predecessor-version":[{"id":1905,"href":"https:\/\/www.leinerlaura.hu\/index.php\/wp-json\/wp\/v2\/posts\/1882\/revisions\/1905"}],"wp:featuredmedia":[{"embeddable":true,"href":"https:\/\/www.leinerlaura.hu\/index.php\/wp-json\/wp\/v2\/media\/1884"}],"wp:attachment":[{"href":"https:\/\/www.leinerlaura.hu\/index.php\/wp-json\/wp\/v2\/media?parent=1882"}],"wp:term":[{"taxonomy":"category","embeddable":true,"href":"https:\/\/www.leinerlaura.hu\/index.php\/wp-json\/wp\/v2\/categories?post=1882"},{"taxonomy":"post_tag","embeddable":true,"href":"https:\/\/www.leinerlaura.hu\/index.php\/wp-json\/wp\/v2\/tags?post=1882"}],"curies":[{"name":"wp","href":"https:\/\/api.w.org\/{rel}","templated":true}]}}