{"id":1907,"date":"2024-04-22T07:48:53","date_gmt":"2024-04-22T05:48:53","guid":{"rendered":"https:\/\/www.leinerlaura.hu\/?p=1907"},"modified":"2024-04-22T08:49:08","modified_gmt":"2024-04-22T06:49:08","slug":"szuletesnapi-portre-es-interju","status":"publish","type":"post","link":"https:\/\/www.leinerlaura.hu\/index.php\/2024\/04\/22\/szuletesnapi-portre-es-interju\/","title":{"rendered":"Sz\u00fclet\u00e9snapi portr\u00e9 \u00e9s interj\u00fa"},"content":{"rendered":"\n<p><em>Bor\u00edt\u00f3k\u00e9p: Besz\u00e9lget\u00e9s Both Gabival az L&amp;L-ben.<\/em><\/p>\n\n\n\n<p class=\"has-text-align-justify\">A sz\u00fclet\u00e9snapom alkalm\u00e1b\u00f3l k\u00e9t megkeres\u00e9st is kaptam a k\u00f6zelm\u00faltban, aminek nagyon \u00f6r\u00fcltem \u00e9s boldogan v\u00e1llaltam.<\/p>\n\n\n\n<p class=\"has-text-align-justify\">A <a href=\"https:\/\/wmn.hu\/\" target=\"_blank\" rel=\"noreferrer noopener\">WMN magazin<\/a> sz\u00fclet\u00e9snapi portr\u00e9t k\u00e9sz\u00edtett r\u00f3lam, ami hatalmas megtiszteltet\u00e9s, \u00e9s elk\u00e9peszt\u0151en nagy boldogs\u00e1g volt Both Gabival besz\u00e9lgetni, h\u00e1l\u00e1san k\u00f6sz\u00f6n\u00f6m a lehet\u0151s\u00e9get. A cikk <a href=\"https:\/\/wmn.hu\/kult\/62438-leiner-laura-en-sosem-szerettem-volna-tobb-lenni-mint-ami-vagyok-\" target=\"_blank\" rel=\"noreferrer noopener\">ITT OLVASHAT\u00d3<\/a>.<\/p>\n\n\n\n<p class=\"has-text-align-justify\">A WMN riport mellett pedig a <a href=\"https:\/\/dibook.hu\/\" target=\"_blank\" rel=\"noreferrer noopener\">dibook.hu<\/a> e-k\u00f6nyv \u00e1ruh\u00e1z is k\u00e9sz\u00edtett velem interj\u00fat, ami a k\u00f6nyv\u00e1ruh\u00e1z <a href=\"https:\/\/dibook.hu\/blog\/az-iroi-palyam-kezdete-nem-volt-kifejezetten-konnyu-mert-tele-volt-buktatokkal-es-elutasitassal-interju-leiner-lauraval\" target=\"_blank\" rel=\"noreferrer noopener\">BLOGJ\u00c1N OLVASHAT\u00d3<\/a>. Nagyon sz\u00e9pen k\u00f6sz\u00f6n\u00f6m a DiBooknak, hogy gondoltak r\u00e1m. <\/p>\n","protected":false},"excerpt":{"rendered":"<p>Bor\u00edt\u00f3k\u00e9p: Besz\u00e9lget\u00e9s Both Gabival az L&amp;L-ben. A sz\u00fclet\u00e9snapom alkalm\u00e1b\u00f3l k\u00e9t megkeres\u00e9st is kaptam a k\u00f6zelm\u00faltban, aminek nagyon \u00f6r\u00fcltem \u00e9s boldogan v\u00e1llaltam. A WMN magazin sz\u00fclet\u00e9snapi portr\u00e9t k\u00e9sz\u00edtett r\u00f3lam, ami hatalmas megtiszteltet\u00e9s, \u00e9s elk\u00e9peszt\u0151en nagy boldogs\u00e1g volt Both Gabival besz\u00e9lgetni, h\u00e1l\u00e1san k\u00f6sz\u00f6n\u00f6m a lehet\u0151s\u00e9get. A cikk ITT OLVASHAT\u00d3. A WMN riport mellett pedig a dibook.hu e-k\u00f6nyv<\/p>\n","protected":false},"author":2,"featured_media":1908,"comment_status":"open","ping_status":"open","sticky":false,"template":"","format":"standard","meta":{"_jetpack_memberships_contains_paid_content":false,"footnotes":""},"categories":[13],"tags":[17],"class_list":["post-1907","post","type-post","status-publish","format-standard","has-post-thumbnail","hentry","category-blogbejegyzes","tag-interju"],"jetpack_featured_media_url":"https:\/\/www.leinerlaura.hu\/wp-content\/uploads\/2024\/04\/E26DDC59-DD01-4580-B842-261FCB26C600.jpeg","jetpack_sharing_enabled":true,"_links":{"self":[{"href":"https:\/\/www.leinerlaura.hu\/index.php\/wp-json\/wp\/v2\/posts\/1907","targetHints":{"allow":["GET"]}}],"collection":[{"href":"https:\/\/www.leinerlaura.hu\/index.php\/wp-json\/wp\/v2\/posts"}],"about":[{"href":"https:\/\/www.leinerlaura.hu\/index.php\/wp-json\/wp\/v2\/types\/post"}],"author":[{"embeddable":true,"href":"https:\/\/www.leinerlaura.hu\/index.php\/wp-json\/wp\/v2\/users\/2"}],"replies":[{"embeddable":true,"href":"https:\/\/www.leinerlaura.hu\/index.php\/wp-json\/wp\/v2\/comments?post=1907"}],"version-history":[{"count":8,"href":"https:\/\/www.leinerlaura.hu\/index.php\/wp-json\/wp\/v2\/posts\/1907\/revisions"}],"predecessor-version":[{"id":1919,"href":"https:\/\/www.leinerlaura.hu\/index.php\/wp-json\/wp\/v2\/posts\/1907\/revisions\/1919"}],"wp:featuredmedia":[{"embeddable":true,"href":"https:\/\/www.leinerlaura.hu\/index.php\/wp-json\/wp\/v2\/media\/1908"}],"wp:attachment":[{"href":"https:\/\/www.leinerlaura.hu\/index.php\/wp-json\/wp\/v2\/media?parent=1907"}],"wp:term":[{"taxonomy":"category","embeddable":true,"href":"https:\/\/www.leinerlaura.hu\/index.php\/wp-json\/wp\/v2\/categories?post=1907"},{"taxonomy":"post_tag","embeddable":true,"href":"https:\/\/www.leinerlaura.hu\/index.php\/wp-json\/wp\/v2\/tags?post=1907"}],"curies":[{"name":"wp","href":"https:\/\/api.w.org\/{rel}","templated":true}]}}