{"id":1921,"date":"2024-05-01T19:25:03","date_gmt":"2024-05-01T17:25:03","guid":{"rendered":"https:\/\/www.leinerlaura.hu\/?p=1921"},"modified":"2024-06-02T17:40:59","modified_gmt":"2024-06-02T15:40:59","slug":"konyvhet-dedikalas-2024","status":"publish","type":"post","link":"https:\/\/www.leinerlaura.hu\/index.php\/2024\/05\/01\/konyvhet-dedikalas-2024\/","title":{"rendered":"K\u00f6nyvh\u00e9t dedik\u00e1l\u00e1s 2024"},"content":{"rendered":"\n<p class=\"has-text-align-justify\">A tavalyi nagysiker\u0171 K\u00f6nyvh\u00e9t deb\u00fct\u00e1l\u00e1s ut\u00e1n 2024-ben is lesz <strong><a href=\"https:\/\/www.llkonyvesbolt.hu\/\" target=\"_blank\" rel=\"noreferrer noopener\">L&amp;L k\u00f6nyvesbolt pavilon<\/a><\/strong> az <a href=\"https:\/\/unnepikonyvhet.hu\/\" target=\"_blank\" rel=\"noreferrer noopener\">\u00dcnnepi K\u00f6nyvh\u00e9ten<\/a>, ahol az esem\u00e9ny teljes ideje alatt, j\u00fanius 13-t\u00f3l j\u00fanius 16-ig kint lesz a k\u00f6nyvesbolt a <strong>Duna-Korz\u00f3n l\u00e9v\u0151 51-es sz\u00e1m\u00fa pavilonban.<\/strong> <\/p>\n\n\n\n<p>A K\u00f6nyvh\u00e9t helysz\u00ednei k\u00f6z\u00fcl mi a Duna-Korz\u00f3n lesz\u00fcnk, m\u00e9ghozz\u00e1 ott is az utols\u00f3 pavilonban \ud83d\ude42<\/p>\n\n\n\n<figure class=\"wp-block-image size-full is-resized\"><img fetchpriority=\"high\" decoding=\"async\" width=\"1629\" height=\"1610\" src=\"https:\/\/www.leinerlaura.hu\/wp-content\/uploads\/2024\/05\/0F5F70BF-B823-49F9-B81C-06840A74589B.jpeg\" alt=\"\" class=\"wp-image-2042\" style=\"width:875px;height:auto\" srcset=\"https:\/\/www.leinerlaura.hu\/wp-content\/uploads\/2024\/05\/0F5F70BF-B823-49F9-B81C-06840A74589B.jpeg 1629w, https:\/\/www.leinerlaura.hu\/wp-content\/uploads\/2024\/05\/0F5F70BF-B823-49F9-B81C-06840A74589B-768x759.jpeg 768w, https:\/\/www.leinerlaura.hu\/wp-content\/uploads\/2024\/05\/0F5F70BF-B823-49F9-B81C-06840A74589B-1536x1518.jpeg 1536w, https:\/\/www.leinerlaura.hu\/wp-content\/uploads\/2024\/05\/0F5F70BF-B823-49F9-B81C-06840A74589B-585x578.jpeg 585w\" sizes=\"(max-width: 1629px) 100vw, 1629px\" \/><\/figure>\n\n\n\n<figure class=\"wp-block-image size-full is-resized\"><a href=\"https:\/\/unnepikonyvhet.hu\/\" target=\"_blank\" rel=\"noreferrer noopener\"><img decoding=\"async\" width=\"2224\" height=\"1504\" src=\"https:\/\/www.leinerlaura.hu\/wp-content\/uploads\/2024\/05\/64DA3695-D971-478C-8A36-6824E44AFBF1.jpeg\" alt=\"\" class=\"wp-image-2047\" style=\"width:875px;height:auto\" srcset=\"https:\/\/www.leinerlaura.hu\/wp-content\/uploads\/2024\/05\/64DA3695-D971-478C-8A36-6824E44AFBF1.jpeg 2224w, https:\/\/www.leinerlaura.hu\/wp-content\/uploads\/2024\/05\/64DA3695-D971-478C-8A36-6824E44AFBF1-768x519.jpeg 768w, https:\/\/www.leinerlaura.hu\/wp-content\/uploads\/2024\/05\/64DA3695-D971-478C-8A36-6824E44AFBF1-1536x1039.jpeg 1536w, https:\/\/www.leinerlaura.hu\/wp-content\/uploads\/2024\/05\/64DA3695-D971-478C-8A36-6824E44AFBF1-2048x1385.jpeg 2048w, https:\/\/www.leinerlaura.hu\/wp-content\/uploads\/2024\/05\/64DA3695-D971-478C-8A36-6824E44AFBF1-585x396.jpeg 585w\" sizes=\"(max-width: 2224px) 100vw, 2224px\" \/><\/a><\/figure>\n\n\n\n<p>Az 51-es sz\u00e1m\u00fa utols\u00f3 pavilon lesz\u00fcnk a Korz\u00f3n \ud83d\ude42<\/p>\n\n\n\n<p class=\"has-text-align-justify\">A helysz\u00ednen megv\u00e1s\u00e1rolhat\u00f3 lesz minden k\u00f6nyvem (a kiz\u00e1r\u00f3lag L&amp;L k\u00f6nyvesboltban kaphat\u00f3 <a href=\"https:\/\/www.llkonyvesbolt.hu\/spd\/LLK2\/Leiner-Laura-Random\" target=\"_blank\" rel=\"noreferrer noopener\">Random<\/a>, <a href=\"https:\/\/www.llkonyvesbolt.hu\/Leiner-Laura-Kozhelyek\" target=\"_blank\" rel=\"noreferrer noopener\">K\u00f6zhelyek<\/a> \u00e9s <a href=\"https:\/\/www.llkonyvesbolt.hu\/Leiner-Laura-Remek-Ez-is-remek\" target=\"_blank\" rel=\"noreferrer noopener\">Remek!\/Ez is Remek<\/a> is), a legut\u00f3bb megjelent Nem egyszer\u0171, a k\u00f6nyveimhez tartoz\u00f3 kieg\u00e9sz\u00edt\u0151k, v\u00e1szont\u00e1sk\u00e1k, akci\u00f3s kiadv\u00e1nyok, tov\u00e1bb\u00e1 m\u00e1s, magyar \u00e9s idegen nyelv\u0171 sikerk\u00f6nyvek is.<\/p>\n\n\n\n<p>Az L&amp;L k\u00f6nyvesbolt v\u00e1s\u00e1rl\u00e1sokhoz (a k\u00e9szlet erej\u00e9ig) dedik\u00e1lt k\u00e1rtya j\u00e1r aj\u00e1nd\u00e9kba, aminek egyik oldal\u00e1n az el\u0151re r\u00e1nyomtatott al\u00e1\u00edr\u00e1som, a m\u00e1sik oldal\u00e1n pedig az \u00d6SSZES (\ud83d\ude09) k\u00f6nyvemb\u0151l van valami grafika, vagy felirat.<\/p>\n\n\n\n<figure class=\"wp-block-image size-full\"><img decoding=\"async\" width=\"1920\" height=\"2560\" src=\"https:\/\/www.leinerlaura.hu\/wp-content\/uploads\/2024\/05\/CEC01EBD-1D78-47CC-8CAB-65FB0DE66D82-scaled.jpeg\" alt=\"\" class=\"wp-image-2048\" srcset=\"https:\/\/www.leinerlaura.hu\/wp-content\/uploads\/2024\/05\/CEC01EBD-1D78-47CC-8CAB-65FB0DE66D82-scaled.jpeg 1920w, https:\/\/www.leinerlaura.hu\/wp-content\/uploads\/2024\/05\/CEC01EBD-1D78-47CC-8CAB-65FB0DE66D82-768x1024.jpeg 768w, https:\/\/www.leinerlaura.hu\/wp-content\/uploads\/2024\/05\/CEC01EBD-1D78-47CC-8CAB-65FB0DE66D82-1152x1536.jpeg 1152w, https:\/\/www.leinerlaura.hu\/wp-content\/uploads\/2024\/05\/CEC01EBD-1D78-47CC-8CAB-65FB0DE66D82-1536x2048.jpeg 1536w, https:\/\/www.leinerlaura.hu\/wp-content\/uploads\/2024\/05\/CEC01EBD-1D78-47CC-8CAB-65FB0DE66D82-585x780.jpeg 585w\" sizes=\"(max-width: 1920px) 100vw, 1920px\" \/><\/figure>\n\n\n\n<p><em>Lapozgat\u00f3s gal\u00e9ri\u00e1ban a 2023-as L&amp;L k\u00f6nyvesbolt pavilon k\u00e9pei:<\/em><\/p>\n\n\n\n<div class=\"wp-block-jetpack-slideshow aligncenter\" data-effect=\"slide\"><div class=\"wp-block-jetpack-slideshow_container swiper-container\"><ul class=\"wp-block-jetpack-slideshow_swiper-wrapper swiper-wrapper\"><li class=\"wp-block-jetpack-slideshow_slide swiper-slide\"><figure><img loading=\"lazy\" decoding=\"async\" width=\"1170\" height=\"730\" alt=\"\" class=\"wp-block-jetpack-slideshow_image wp-image-1108\" data-id=\"1108\" src=\"https:\/\/www.leinerlaura.hu\/wp-content\/uploads\/2023\/06\/1F4A397B-21FD-468C-9052-7951A1D98F3C-1170x730.jpeg\"\/><\/figure><\/li><li class=\"wp-block-jetpack-slideshow_slide swiper-slide\"><figure><img loading=\"lazy\" decoding=\"async\" width=\"1170\" height=\"730\" alt=\"\" class=\"wp-block-jetpack-slideshow_image wp-image-1097\" data-id=\"1097\" src=\"https:\/\/www.leinerlaura.hu\/wp-content\/uploads\/2023\/06\/ACB51799-EDC8-4209-A69D-8AACD15244B2-1170x730.jpeg\"\/><\/figure><\/li><li class=\"wp-block-jetpack-slideshow_slide swiper-slide\"><figure><img loading=\"lazy\" decoding=\"async\" width=\"1170\" height=\"730\" alt=\"\" class=\"wp-block-jetpack-slideshow_image wp-image-1098\" data-id=\"1098\" src=\"https:\/\/www.leinerlaura.hu\/wp-content\/uploads\/2023\/06\/0940246C-8970-41F4-B79E-766D4B6D38DD-1170x730.jpeg\"\/><\/figure><\/li><li class=\"wp-block-jetpack-slideshow_slide swiper-slide\"><figure><img loading=\"lazy\" decoding=\"async\" width=\"1170\" height=\"730\" alt=\"\" class=\"wp-block-jetpack-slideshow_image wp-image-1096\" data-id=\"1096\" src=\"https:\/\/www.leinerlaura.hu\/wp-content\/uploads\/2023\/06\/8394F808-AF69-4ED1-A015-A18A711BD06A-1170x730.jpeg\"\/><\/figure><\/li><li class=\"wp-block-jetpack-slideshow_slide swiper-slide\"><figure><img loading=\"lazy\" decoding=\"async\" width=\"1170\" height=\"730\" alt=\"\" class=\"wp-block-jetpack-slideshow_image wp-image-1095\" data-id=\"1095\" src=\"https:\/\/www.leinerlaura.hu\/wp-content\/uploads\/2023\/06\/DB1DEF15-7394-4206-97EA-0B7D28E1C432-1170x730.jpeg\"\/><\/figure><\/li><li class=\"wp-block-jetpack-slideshow_slide swiper-slide\"><figure><img loading=\"lazy\" decoding=\"async\" width=\"1170\" height=\"730\" alt=\"\" class=\"wp-block-jetpack-slideshow_image wp-image-1094\" data-id=\"1094\" src=\"https:\/\/www.leinerlaura.hu\/wp-content\/uploads\/2023\/06\/B8973EA4-B387-40D8-8BBB-ACE8E070BE69-1170x730.jpeg\"\/><\/figure><\/li><li class=\"wp-block-jetpack-slideshow_slide swiper-slide\"><figure><img loading=\"lazy\" decoding=\"async\" width=\"1170\" height=\"730\" alt=\"\" class=\"wp-block-jetpack-slideshow_image wp-image-1093\" data-id=\"1093\" src=\"https:\/\/www.leinerlaura.hu\/wp-content\/uploads\/2023\/06\/image-1170x730.jpeg\"\/><\/figure><\/li><\/ul><a class=\"wp-block-jetpack-slideshow_button-prev swiper-button-prev swiper-button-white\" role=\"button\"><\/a><a class=\"wp-block-jetpack-slideshow_button-next swiper-button-next swiper-button-white\" role=\"button\"><\/a><a aria-label=\"Pause Slideshow\" class=\"wp-block-jetpack-slideshow_button-pause\" role=\"button\"><\/a><div class=\"wp-block-jetpack-slideshow_pagination swiper-pagination swiper-pagination-white\"><\/div><\/div><\/div>\n\n\n\n<p>A rendezv\u00e9ny szombati \u00e9s vas\u00e1rnapi napj\u00e1n pedig dedik\u00e1lni is fogok, <\/p>\n\n\n\n<p><strong>j\u00fanius 15-\u00e9n (szombaton) 16h-t\u00f3l 17h-ig<\/strong><\/p>\n\n\n\n<p><strong>\u00e9s<\/strong><\/p>\n\n\n\n<p><strong>j\u00fanius 16-\u00e1n (vas\u00e1rnap) 13h-t\u00f3l 14h-ig<\/strong>. <\/p>\n\n\n\n<figure class=\"wp-block-image size-full\"><img loading=\"lazy\" decoding=\"async\" width=\"1276\" height=\"1825\" src=\"https:\/\/www.leinerlaura.hu\/wp-content\/uploads\/2024\/04\/D061B5D3-7298-488B-A555-2A21E5392831.jpeg\" alt=\"\" class=\"wp-image-1925\" srcset=\"https:\/\/www.leinerlaura.hu\/wp-content\/uploads\/2024\/04\/D061B5D3-7298-488B-A555-2A21E5392831.jpeg 1276w, https:\/\/www.leinerlaura.hu\/wp-content\/uploads\/2024\/04\/D061B5D3-7298-488B-A555-2A21E5392831-768x1098.jpeg 768w, https:\/\/www.leinerlaura.hu\/wp-content\/uploads\/2024\/04\/D061B5D3-7298-488B-A555-2A21E5392831-1074x1536.jpeg 1074w, https:\/\/www.leinerlaura.hu\/wp-content\/uploads\/2024\/04\/D061B5D3-7298-488B-A555-2A21E5392831-585x837.jpeg 585w\" sizes=\"(max-width: 1276px) 100vw, 1276px\" \/><\/figure>\n\n\n\n<p class=\"has-text-align-justify\">Mindenkit nagyon sok szeretettel v\u00e1runk!<br>A ki\u00edrt id\u0151pont azt jelenti, hogy<strong> akik a dedik\u00e1l\u00e1sra szombaton 17h-ig, vas\u00e1rnap pedig 14h-ig meg\u00e9rkeznek GARANT\u00c1LTAN sorra ker\u00fclnek, akkor is, ha elh\u00faz\u00f3dik a program<\/strong>, azonban a ki\u00edrt id\u0151pont ut\u00e1n \u00e9rkezettek sajnos m\u00e1r nem tudnak al\u00e1\u00edratni.<\/p>\n\n\n\n<p class=\"has-text-align-justify\">Nagyon fontos, hogy a kor\u00e1bbi tapasztalatok alapj\u00e1n <strong>el\u0151fordulhat hosszabb sor, \u00e9s hogy a tervezettn\u00e9l tov\u00e1bb tart a dedik\u00e1l\u00e1s, ez\u00e9rt azt szeretn\u00e9nk k\u00e9rni, hogy szem\u00e9lyenk\u00e9nt csak egy k\u00f6nyvet hozzatok al\u00e1\u00edratni<\/strong>. Ezzel kapcsolatban m\u00e1r most k\u00f6sz\u00f6nj\u00fck a meg\u00e9rt\u00e9st, a v\u00e1lasztott k\u00f6nyv b\u00e1rmelyik lehet, magatokkal hozott, vagy a helysz\u00ednen v\u00e1s\u00e1rolt, r\u00e9gi, vagy \u00faj, a l\u00e9nyeg, hogy szem\u00e9lyenk\u00e9nt csak egyet, mert sajnos csak \u00edgy tudjuk cs\u00f6kkenteni az esetleges v\u00e1rakoz\u00e1si id\u0151t. <\/p>\n\n\n\n<p class=\"has-text-align-justify\">Mi m\u00e1r nagyon k\u00e9sz\u00fcl\u00fcnk, \u00e9s alig v\u00e1rom, hogy \u00fajra tal\u00e1lkozzunk.<\/p>\n\n\n\n<figure class=\"wp-block-image size-full is-resized\"><img loading=\"lazy\" decoding=\"async\" width=\"1299\" height=\"1870\" src=\"https:\/\/www.leinerlaura.hu\/wp-content\/uploads\/2024\/04\/EAAA0D18-F356-4F0A-9986-39535BED1733.jpeg\" alt=\"\" class=\"wp-image-1926\" style=\"width:875px;height:auto\" srcset=\"https:\/\/www.leinerlaura.hu\/wp-content\/uploads\/2024\/04\/EAAA0D18-F356-4F0A-9986-39535BED1733.jpeg 1299w, https:\/\/www.leinerlaura.hu\/wp-content\/uploads\/2024\/04\/EAAA0D18-F356-4F0A-9986-39535BED1733-768x1106.jpeg 768w, https:\/\/www.leinerlaura.hu\/wp-content\/uploads\/2024\/04\/EAAA0D18-F356-4F0A-9986-39535BED1733-1067x1536.jpeg 1067w, https:\/\/www.leinerlaura.hu\/wp-content\/uploads\/2024\/04\/EAAA0D18-F356-4F0A-9986-39535BED1733-585x842.jpeg 585w\" sizes=\"(max-width: 1299px) 100vw, 1299px\" \/><\/figure>\n\n\n\n<p><strong>Mindenkit sok szeretettel v\u00e1runk j\u00faniusban a K\u00f6nyvh\u00e9ten!<\/strong> <em>A bejegyz\u00e9s addig m\u00e9g friss\u00fclni fog.  <\/em><\/p>\n","protected":false},"excerpt":{"rendered":"<p>A tavalyi nagysiker\u0171 K\u00f6nyvh\u00e9t deb\u00fct\u00e1l\u00e1s ut\u00e1n 2024-ben is lesz L&amp;L k\u00f6nyvesbolt pavilon az \u00dcnnepi K\u00f6nyvh\u00e9ten, ahol az esem\u00e9ny teljes ideje alatt, j\u00fanius 13-t\u00f3l j\u00fanius 16-ig kint lesz a k\u00f6nyvesbolt a Duna-Korz\u00f3n l\u00e9v\u0151 51-es sz\u00e1m\u00fa pavilonban. A K\u00f6nyvh\u00e9t helysz\u00ednei k\u00f6z\u00fcl mi a Duna-Korz\u00f3n lesz\u00fcnk, m\u00e9ghozz\u00e1 ott is az utols\u00f3 pavilonban \ud83d\ude42 Az 51-es sz\u00e1m\u00fa utols\u00f3 pavilon<\/p>\n","protected":false},"author":2,"featured_media":1922,"comment_status":"open","ping_status":"open","sticky":false,"template":"","format":"standard","meta":{"_jetpack_memberships_contains_paid_content":false,"footnotes":""},"categories":[13],"tags":[28,29],"class_list":["post-1921","post","type-post","status-publish","format-standard","has-post-thumbnail","hentry","category-blogbejegyzes","tag-dedikalas","tag-konyvhet"],"jetpack_featured_media_url":"https:\/\/www.leinerlaura.hu\/wp-content\/uploads\/2024\/04\/7772A4F0-DEB3-4413-BC30-E1575B0F3839.jpeg","jetpack_sharing_enabled":true,"_links":{"self":[{"href":"https:\/\/www.leinerlaura.hu\/index.php\/wp-json\/wp\/v2\/posts\/1921","targetHints":{"allow":["GET"]}}],"collection":[{"href":"https:\/\/www.leinerlaura.hu\/index.php\/wp-json\/wp\/v2\/posts"}],"about":[{"href":"https:\/\/www.leinerlaura.hu\/index.php\/wp-json\/wp\/v2\/types\/post"}],"author":[{"embeddable":true,"href":"https:\/\/www.leinerlaura.hu\/index.php\/wp-json\/wp\/v2\/users\/2"}],"replies":[{"embeddable":true,"href":"https:\/\/www.leinerlaura.hu\/index.php\/wp-json\/wp\/v2\/comments?post=1921"}],"version-history":[{"count":15,"href":"https:\/\/www.leinerlaura.hu\/index.php\/wp-json\/wp\/v2\/posts\/1921\/revisions"}],"predecessor-version":[{"id":2051,"href":"https:\/\/www.leinerlaura.hu\/index.php\/wp-json\/wp\/v2\/posts\/1921\/revisions\/2051"}],"wp:featuredmedia":[{"embeddable":true,"href":"https:\/\/www.leinerlaura.hu\/index.php\/wp-json\/wp\/v2\/media\/1922"}],"wp:attachment":[{"href":"https:\/\/www.leinerlaura.hu\/index.php\/wp-json\/wp\/v2\/media?parent=1921"}],"wp:term":[{"taxonomy":"category","embeddable":true,"href":"https:\/\/www.leinerlaura.hu\/index.php\/wp-json\/wp\/v2\/categories?post=1921"},{"taxonomy":"post_tag","embeddable":true,"href":"https:\/\/www.leinerlaura.hu\/index.php\/wp-json\/wp\/v2\/tags?post=1921"}],"curies":[{"name":"wp","href":"https:\/\/api.w.org\/{rel}","templated":true}]}}