{"id":1940,"date":"2024-05-10T16:27:52","date_gmt":"2024-05-10T14:27:52","guid":{"rendered":"https:\/\/www.leinerlaura.hu\/?p=1940"},"modified":"2024-05-10T21:41:27","modified_gmt":"2024-05-10T19:41:27","slug":"kerdesek-es-valaszok-2","status":"publish","type":"post","link":"https:\/\/www.leinerlaura.hu\/index.php\/2024\/05\/10\/kerdesek-es-valaszok-2\/","title":{"rendered":"K\u00e9rd\u00e9sek \u00e9s v\u00e1laszok | 2"},"content":{"rendered":"\n<p>Nemr\u00e9g volt az <a href=\"https:\/\/www.instagram.com\/leinerlauraofficial\/\" target=\"_blank\" rel=\"noreferrer noopener\">inst\u00e1mon<\/a> egy k\u00e9rdezz-felelek, amir\u0151l most hoztam egy b\u0151vebb bejegyz\u00e9st is a v\u00e1laszokkal. \ud83d\ude42<\/p>\n\n\n\n<figure class=\"wp-block-image size-full is-resized\"><a href=\"https:\/\/www.instagram.com\/leinerlauraofficial\/\" target=\"_blank\" rel=\"noreferrer noopener\"><img fetchpriority=\"high\" decoding=\"async\" width=\"1170\" height=\"1991\" src=\"https:\/\/www.leinerlaura.hu\/wp-content\/uploads\/2024\/05\/3B859EBD-52BA-4A18-B963-F989FCB137BA.jpeg\" alt=\"\" class=\"wp-image-1996\" style=\"width:414px;height:auto\" srcset=\"https:\/\/www.leinerlaura.hu\/wp-content\/uploads\/2024\/05\/3B859EBD-52BA-4A18-B963-F989FCB137BA.jpeg 1170w, https:\/\/www.leinerlaura.hu\/wp-content\/uploads\/2024\/05\/3B859EBD-52BA-4A18-B963-F989FCB137BA-768x1307.jpeg 768w, https:\/\/www.leinerlaura.hu\/wp-content\/uploads\/2024\/05\/3B859EBD-52BA-4A18-B963-F989FCB137BA-903x1536.jpeg 903w, https:\/\/www.leinerlaura.hu\/wp-content\/uploads\/2024\/05\/3B859EBD-52BA-4A18-B963-F989FCB137BA-585x996.jpeg 585w\" sizes=\"(max-width: 1170px) 100vw, 1170px\" \/><\/a><\/figure>\n\n\n\n<figure class=\"wp-block-image size-full is-resized\"><img decoding=\"async\" width=\"507\" height=\"335\" src=\"https:\/\/www.leinerlaura.hu\/wp-content\/uploads\/2024\/05\/F22EDDAB-D3BA-4267-9D93-46FC6A33B268.jpeg\" alt=\"\" class=\"wp-image-1945\" style=\"width:243px;height:auto\"\/><\/figure>\n\n\n\n<p class=\"has-text-align-justify\">Nem, az \u00e9v els\u0151 fel\u00e9re nem volt betervezve megjelen\u00e9s, ez\u00e9rt nem is hoztam r\u00f3la h\u00edrt, mert annak ellen\u00e9re, hogy m\u00e1r elk\u00e9sz\u00fclt a k\u00f6vetkez\u0151 k\u00f6nyvem, szerettem volna id\u0151t adni a m\u00falt novemberben megjelent <strong><a href=\"https:\/\/www.llkonyvesbolt.hu\/Leiner-Laura-Nem-egyszeru\" target=\"_blank\" rel=\"noreferrer noopener\">Nem egyszer\u0171nek<\/a><\/strong>, ami tavaszi t\u00f6rt\u00e9net, \u00e9s most a legink\u00e1bb aktu\u00e1lis.<\/p>\n\n\n\n<figure class=\"wp-block-image size-full is-resized\"><img decoding=\"async\" width=\"515\" height=\"326\" src=\"https:\/\/www.leinerlaura.hu\/wp-content\/uploads\/2024\/05\/0C5C44D3-DA0A-4E16-B465-F30AD9666C13.jpeg\" alt=\"\" class=\"wp-image-1943\" style=\"width:217px;height:auto\"\/><\/figure>\n\n\n\n<p>Ezzel kapcsolatban kaptam a legt\u00f6bb k\u00e9rd\u00e9st, nagyon-nagyon k\u00f6sz\u00f6n\u00f6m az elk\u00e9peszt\u0151 \u00e9rdekl\u0151d\u00e9st.<br><\/p>\n\n\n\n<figure class=\"wp-block-embed is-type-rich is-provider-instagram wp-block-embed-instagram\"><div class=\"wp-block-embed__wrapper\">\n<blockquote class=\"instagram-media\" data-instgrm-captioned data-instgrm-permalink=\"https:\/\/www.instagram.com\/reel\/C6T_PtktDPN\/?utm_source=ig_embed&amp;utm_campaign=loading\" data-instgrm-version=\"14\" style=\" background:#FFF; border:0; border-radius:3px; box-shadow:0 0 1px 0 rgba(0,0,0,0.5),0 1px 10px 0 rgba(0,0,0,0.15); margin: 1px; max-width:658px; min-width:326px; padding:0; width:99.375%; width:-webkit-calc(100% - 2px); width:calc(100% - 2px);\"><div style=\"padding:16px;\"> <a href=\"https:\/\/www.instagram.com\/reel\/C6T_PtktDPN\/?utm_source=ig_embed&amp;utm_campaign=loading\" style=\" background:#FFFFFF; line-height:0; padding:0 0; text-align:center; text-decoration:none; width:100%;\" target=\"_blank\"> <div style=\" display: flex; flex-direction: row; align-items: center;\"> <div style=\"background-color: #F4F4F4; border-radius: 50%; flex-grow: 0; height: 40px; margin-right: 14px; width: 40px;\"><\/div> <div style=\"display: flex; flex-direction: column; flex-grow: 1; justify-content: center;\"> <div style=\" background-color: #F4F4F4; border-radius: 4px; flex-grow: 0; height: 14px; margin-bottom: 6px; width: 100px;\"><\/div> <div style=\" background-color: #F4F4F4; border-radius: 4px; flex-grow: 0; height: 14px; width: 60px;\"><\/div><\/div><\/div><div style=\"padding: 19% 0;\"><\/div> <div style=\"display:block; height:50px; margin:0 auto 12px; width:50px;\"><svg width=\"50px\" height=\"50px\" viewBox=\"0 0 60 60\" version=\"1.1\" xmlns=\"https:\/\/www.w3.org\/2000\/svg\" xmlns:xlink=\"https:\/\/www.w3.org\/1999\/xlink\"><g stroke=\"none\" stroke-width=\"1\" fill=\"none\" fill-rule=\"evenodd\"><g transform=\"translate(-511.000000, -20.000000)\" fill=\"#000000\"><g><path d=\"M556.869,30.41 C554.814,30.41 553.148,32.076 553.148,34.131 C553.148,36.186 554.814,37.852 556.869,37.852 C558.924,37.852 560.59,36.186 560.59,34.131 C560.59,32.076 558.924,30.41 556.869,30.41 M541,60.657 C535.114,60.657 530.342,55.887 530.342,50 C530.342,44.114 535.114,39.342 541,39.342 C546.887,39.342 551.658,44.114 551.658,50 C551.658,55.887 546.887,60.657 541,60.657 M541,33.886 C532.1,33.886 524.886,41.1 524.886,50 C524.886,58.899 532.1,66.113 541,66.113 C549.9,66.113 557.115,58.899 557.115,50 C557.115,41.1 549.9,33.886 541,33.886 M565.378,62.101 C565.244,65.022 564.756,66.606 564.346,67.663 C563.803,69.06 563.154,70.057 562.106,71.106 C561.058,72.155 560.06,72.803 558.662,73.347 C557.607,73.757 556.021,74.244 553.102,74.378 C549.944,74.521 548.997,74.552 541,74.552 C533.003,74.552 532.056,74.521 528.898,74.378 C525.979,74.244 524.393,73.757 523.338,73.347 C521.94,72.803 520.942,72.155 519.894,71.106 C518.846,70.057 518.197,69.06 517.654,67.663 C517.244,66.606 516.755,65.022 516.623,62.101 C516.479,58.943 516.448,57.996 516.448,50 C516.448,42.003 516.479,41.056 516.623,37.899 C516.755,34.978 517.244,33.391 517.654,32.338 C518.197,30.938 518.846,29.942 519.894,28.894 C520.942,27.846 521.94,27.196 523.338,26.654 C524.393,26.244 525.979,25.756 528.898,25.623 C532.057,25.479 533.004,25.448 541,25.448 C548.997,25.448 549.943,25.479 553.102,25.623 C556.021,25.756 557.607,26.244 558.662,26.654 C560.06,27.196 561.058,27.846 562.106,28.894 C563.154,29.942 563.803,30.938 564.346,32.338 C564.756,33.391 565.244,34.978 565.378,37.899 C565.522,41.056 565.552,42.003 565.552,50 C565.552,57.996 565.522,58.943 565.378,62.101 M570.82,37.631 C570.674,34.438 570.167,32.258 569.425,30.349 C568.659,28.377 567.633,26.702 565.965,25.035 C564.297,23.368 562.623,22.342 560.652,21.575 C558.743,20.834 556.562,20.326 553.369,20.18 C550.169,20.033 549.148,20 541,20 C532.853,20 531.831,20.033 528.631,20.18 C525.438,20.326 523.257,20.834 521.349,21.575 C519.376,22.342 517.703,23.368 516.035,25.035 C514.368,26.702 513.342,28.377 512.574,30.349 C511.834,32.258 511.326,34.438 511.181,37.631 C511.035,40.831 511,41.851 511,50 C511,58.147 511.035,59.17 511.181,62.369 C511.326,65.562 511.834,67.743 512.574,69.651 C513.342,71.625 514.368,73.296 516.035,74.965 C517.703,76.634 519.376,77.658 521.349,78.425 C523.257,79.167 525.438,79.673 528.631,79.82 C531.831,79.965 532.853,80.001 541,80.001 C549.148,80.001 550.169,79.965 553.369,79.82 C556.562,79.673 558.743,79.167 560.652,78.425 C562.623,77.658 564.297,76.634 565.965,74.965 C567.633,73.296 568.659,71.625 569.425,69.651 C570.167,67.743 570.674,65.562 570.82,62.369 C570.966,59.17 571,58.147 571,50 C571,41.851 570.966,40.831 570.82,37.631\"><\/path><\/g><\/g><\/g><\/svg><\/div><div style=\"padding-top: 8px;\"> <div style=\" color:#3897f0; font-family:Arial,sans-serif; font-size:14px; font-style:normal; font-weight:550; line-height:18px;\">View this post on Instagram<\/div><\/div><div style=\"padding: 12.5% 0;\"><\/div> <div style=\"display: flex; flex-direction: row; margin-bottom: 14px; align-items: center;\"><div> <div style=\"background-color: #F4F4F4; border-radius: 50%; height: 12.5px; width: 12.5px; transform: translateX(0px) translateY(7px);\"><\/div> <div style=\"background-color: #F4F4F4; height: 12.5px; transform: rotate(-45deg) translateX(3px) translateY(1px); width: 12.5px; flex-grow: 0; margin-right: 14px; margin-left: 2px;\"><\/div> <div style=\"background-color: #F4F4F4; border-radius: 50%; height: 12.5px; width: 12.5px; transform: translateX(9px) translateY(-18px);\"><\/div><\/div><div style=\"margin-left: 8px;\"> <div style=\" background-color: #F4F4F4; border-radius: 50%; flex-grow: 0; height: 20px; width: 20px;\"><\/div> <div style=\" width: 0; height: 0; border-top: 2px solid transparent; border-left: 6px solid #f4f4f4; border-bottom: 2px solid transparent; transform: translateX(16px) translateY(-4px) rotate(30deg)\"><\/div><\/div><div style=\"margin-left: auto;\"> <div style=\" width: 0px; border-top: 8px solid #F4F4F4; border-right: 8px solid transparent; transform: translateY(16px);\"><\/div> <div style=\" background-color: #F4F4F4; flex-grow: 0; height: 12px; width: 16px; transform: translateY(-4px);\"><\/div> <div style=\" width: 0; height: 0; border-top: 8px solid #F4F4F4; border-left: 8px solid transparent; transform: translateY(-4px) translateX(8px);\"><\/div><\/div><\/div> <div style=\"display: flex; flex-direction: column; flex-grow: 1; justify-content: center; margin-bottom: 24px;\"> <div style=\" background-color: #F4F4F4; border-radius: 4px; flex-grow: 0; height: 14px; margin-bottom: 6px; width: 224px;\"><\/div> <div style=\" background-color: #F4F4F4; border-radius: 4px; flex-grow: 0; height: 14px; width: 144px;\"><\/div><\/div><\/a><p style=\" color:#c9c8cd; font-family:Arial,sans-serif; font-size:14px; line-height:17px; margin-bottom:0; margin-top:8px; overflow:hidden; padding:8px 0 7px; text-align:center; text-overflow:ellipsis; white-space:nowrap;\"><a href=\"https:\/\/www.instagram.com\/reel\/C6T_PtktDPN\/?utm_source=ig_embed&amp;utm_campaign=loading\" style=\" color:#c9c8cd; font-family:Arial,sans-serif; font-size:14px; font-style:normal; font-weight:normal; line-height:17px; text-decoration:none;\" target=\"_blank\">A post shared by Leiner Laura (@leinerlauraofficial)<\/a><\/p><\/div><\/blockquote><script async src=\"\/\/platform.instagram.com\/en_US\/embeds.js\"><\/script>\n<\/div><figcaption class=\"wp-element-caption\"><strong>\u0150sszel \u00e9rkezik az \u00faj k\u00f6nyvsorozatom els\u0151 r\u00e9sze. \ud83d\ude42 <\/strong><\/figcaption><\/figure>\n\n\n\n<figure class=\"wp-block-image size-full is-resized\"><img loading=\"lazy\" decoding=\"async\" width=\"497\" height=\"337\" src=\"https:\/\/www.leinerlaura.hu\/wp-content\/uploads\/2024\/05\/F42D0A64-2B26-4013-AF73-26AD116409DF.jpeg\" alt=\"\" class=\"wp-image-1946\" style=\"width:254px;height:auto\"\/><\/figure>\n\n\n\n<p class=\"has-text-align-justify\">Nem, nem. Teljesen \u00faj reg\u00e9ny. Lesz majd a k\u00e9s\u0151bbiekben olyan k\u00f6nyvem is, amit kor\u00e1bban \u00edrtam, csak eddig nem jelent meg (fi\u00f3kban maradt), de \u0151sszel az \u00faj sorozat els\u0151 r\u00e9sze j\u00f6n. <\/p>\n\n\n\n<figure class=\"wp-block-image size-full is-resized\"><img loading=\"lazy\" decoding=\"async\" width=\"506\" height=\"328\" src=\"https:\/\/www.leinerlaura.hu\/wp-content\/uploads\/2024\/05\/F66F5EC6-55AE-4241-95F2-140B3DB6DED1.jpeg\" alt=\"\" class=\"wp-image-1948\" style=\"width:243px;height:auto\"\/><\/figure>\n\n\n\n<p>Sz\u00f3rakoztat\u00f3, ifj\u00fas\u00e1gi (sulis).<\/p>\n\n\n\n<figure class=\"wp-block-image size-full is-resized\"><img loading=\"lazy\" decoding=\"async\" width=\"494\" height=\"327\" src=\"https:\/\/www.leinerlaura.hu\/wp-content\/uploads\/2024\/05\/2EA1AE14-7899-466A-B000-A0FC24080D49.jpeg\" alt=\"\" class=\"wp-image-1949\" style=\"width:224px;height:auto\"\/><\/figure>\n\n\n\n<p>Sorozat els\u0151 r\u00e9sze \u00e9rkezik \u0151sszel.<\/p>\n\n\n\n<figure class=\"wp-block-image size-full is-resized\"><img loading=\"lazy\" decoding=\"async\" width=\"487\" height=\"325\" src=\"https:\/\/www.leinerlaura.hu\/wp-content\/uploads\/2024\/05\/E5D6B4F0-9647-4FF9-911B-C86495C773EE.jpeg\" alt=\"\" class=\"wp-image-1947\" style=\"width:221px;height:auto\"\/><\/figure>\n\n\n\n<p>Hamarosan\u2026 : )<\/p>\n\n\n\n<figure class=\"wp-block-image size-full is-resized\"><img loading=\"lazy\" decoding=\"async\" width=\"501\" height=\"336\" src=\"https:\/\/www.leinerlaura.hu\/wp-content\/uploads\/2024\/05\/0D9438E3-7F74-4626-96D1-26E94475BF88.jpeg\" alt=\"\" class=\"wp-image-1950\" style=\"width:226px;height:auto\"\/><\/figure>\n\n\n\n<p class=\"has-text-align-justify\">Nem! Abszol\u00fat nem. Nagyon fontos sz\u00e1momra, \u00e9s kifejezetten koncepci\u00f3 is, hogy a k\u00f6nyveim, \u00e9s f\u0151k\u00e9nt a sorozataim ne hasonl\u00edtsanak egym\u00e1sra, hanem el lehessen \u0151ket k\u00fcl\u00f6n\u00edteni. Az egyik legnagyobb b\u00fcszkes\u00e9gem \u00edr\u00f3k\u00e9nt, hogy k\u00e9t sulis k\u00f6nyvsorozatom is van (SzJG, IOV-tril\u00f3gi\u00e1k), amik egy\u00e1ltal\u00e1n nem eml\u00e9keztetik az olvas\u00f3kat a m\u00e1sikra. Az \u00faj t\u00f6rt\u00e9netet is \u00edgy tal\u00e1ltam ki, direkt m\u00e1s lesz, mint a kor\u00e1bbiak, hiszen olyanjaim m\u00e1r voltak, ilyen pedig m\u00e9g nem. Annyi, hogy ennyire sok \u00e9v eltelt\u00e9vel (amit sz\u00e1nd\u00e9kosan kiv\u00e1rtam) ism\u00e9t egy iskol\u00e1n bel\u00fcl, nem pedig k\u00edv\u00fcl lesz\u00fcnk a t\u00f6rt\u00e9net szempontj\u00e1b\u00f3l. De semmi hasonl\u00f3s\u00e1g semmivel, csup\u00e1n, hogy sulis, ezt viszont direkt \u00edrtam ki, mert\u2026 A c\u00edmb\u0151l majd \u00fagyis kider\u00fcl, gondoltam ennyit el\u00e1rulhatok el\u0151re. Nagyon-nagyon v\u00e1rom, f\u0151k\u00e9nt, mert hihetetlen\u00fcl r\u00e9gen volt els\u0151 r\u00e9szem (technikailag az \u00c9g veled volt legut\u00f3bb friss sorozatbemutatkoz\u00e1s) \u00e9s ez mindig egy m\u00e1sfajta \u00e1llapot, \u00e9s egy m\u00e1sfajta izgalom, amikor egy hossz\u00fa, t\u00f6bbr\u00e9szes t\u00f6rt\u00e9net kezd\u0151dik el.<\/p>\n\n\n\n<figure class=\"wp-block-image size-full is-resized\"><img loading=\"lazy\" decoding=\"async\" width=\"494\" height=\"321\" src=\"https:\/\/www.leinerlaura.hu\/wp-content\/uploads\/2024\/05\/9734C7B2-419B-4B41-949E-EDB62D7AE7C5.jpeg\" alt=\"\" class=\"wp-image-1951\" style=\"width:240px;height:auto\"\/><\/figure>\n\n\n\n<p>Az <a href=\"https:\/\/www.llkonyvesbolt.hu\/\" target=\"_blank\" rel=\"noreferrer noopener\">L&amp;L k\u00f6nyvesbolt<\/a> Budapesten, a Heged\u0171s Gyula utca 39. sz\u00e1m alatt tal\u00e1lhat\u00f3. <\/p>\n\n\n\n<figure class=\"wp-block-image size-full is-resized\"><img loading=\"lazy\" decoding=\"async\" width=\"494\" height=\"328\" src=\"https:\/\/www.leinerlaura.hu\/wp-content\/uploads\/2024\/05\/CC1B761A-7E20-43AA-A43E-6700C7115058.jpeg\" alt=\"\" class=\"wp-image-1952\" style=\"width:236px;height:auto\"\/><\/figure>\n\n\n\n<p class=\"has-text-align-justify\">Amikor csak id\u0151m engedi, beugrom p\u00e1r percre, de fixen sajnos soha nem tudom el\u0151re megmondani, hogy mikor leszek bent.<\/p>\n\n\n\n<figure class=\"wp-block-image size-full is-resized\"><img loading=\"lazy\" decoding=\"async\" width=\"768\" height=\"960\" src=\"https:\/\/www.leinerlaura.hu\/wp-content\/uploads\/2024\/05\/image.png\" alt=\"\" class=\"wp-image-1953\" style=\"width:564px;height:auto\" srcset=\"https:\/\/www.leinerlaura.hu\/wp-content\/uploads\/2024\/05\/image.png 768w, https:\/\/www.leinerlaura.hu\/wp-content\/uploads\/2024\/05\/image-585x731.png 585w\" sizes=\"(max-width: 768px) 100vw, 768px\" \/><\/figure>\n\n\n\n<figure class=\"wp-block-image size-full is-resized\"><img loading=\"lazy\" decoding=\"async\" width=\"506\" height=\"331\" src=\"https:\/\/www.leinerlaura.hu\/wp-content\/uploads\/2024\/05\/6AF7A054-32DC-413F-883D-95C93AD40EF0.jpeg\" alt=\"\" class=\"wp-image-1955\" style=\"width:266px;height:auto\"\/><\/figure>\n\n\n\n<p class=\"has-text-align-justify\">Igen, az <a href=\"https:\/\/www.llkonyvesbolt.hu\/\" target=\"_blank\" rel=\"noreferrer noopener\">L&amp;L k\u00f6nyvesbolt<\/a> j\u00fanius 13-t\u00f3l 16-ig v\u00e9gig kint lesz saj\u00e1t pavilonnal a K\u00f6nyvh\u00e9ten, \u00e9n pedig k\u00e9tszer is dedik\u00e1lok majd, j\u00fanius 15-\u00e9n szombaton 16h-t\u00f3l 17h-ig, j\u00fanius 16-\u00e1n vas\u00e1rnap pedig 13h-t\u00f3l 14h-ig. <\/p>\n\n\n\n<figure class=\"wp-block-image size-full is-resized\"><img loading=\"lazy\" decoding=\"async\" width=\"1276\" height=\"1825\" src=\"https:\/\/www.leinerlaura.hu\/wp-content\/uploads\/2024\/04\/D061B5D3-7298-488B-A555-2A21E5392831.jpeg\" alt=\"\" class=\"wp-image-1925\" style=\"width:581px;height:auto\" srcset=\"https:\/\/www.leinerlaura.hu\/wp-content\/uploads\/2024\/04\/D061B5D3-7298-488B-A555-2A21E5392831.jpeg 1276w, https:\/\/www.leinerlaura.hu\/wp-content\/uploads\/2024\/04\/D061B5D3-7298-488B-A555-2A21E5392831-768x1098.jpeg 768w, https:\/\/www.leinerlaura.hu\/wp-content\/uploads\/2024\/04\/D061B5D3-7298-488B-A555-2A21E5392831-1074x1536.jpeg 1074w, https:\/\/www.leinerlaura.hu\/wp-content\/uploads\/2024\/04\/D061B5D3-7298-488B-A555-2A21E5392831-585x837.jpeg 585w\" sizes=\"(max-width: 1276px) 100vw, 1276px\" \/><figcaption class=\"wp-element-caption\">A K\u00d6NYVH\u00c9TR\u0150L VAN K\u00dcL\u00d6N BEJEGYZ\u00c9SEM, <a href=\"https:\/\/www.leinerlaura.hu\/index.php\/2024\/05\/01\/konyvhet-dedikalas-2024\/\" target=\"_blank\" rel=\"noreferrer noopener\">ITT OLVASHAT\u00d3<\/a><\/figcaption><\/figure>\n\n\n\n<figure class=\"wp-block-image size-full is-resized\"><img loading=\"lazy\" decoding=\"async\" width=\"507\" height=\"333\" src=\"https:\/\/www.leinerlaura.hu\/wp-content\/uploads\/2024\/05\/36907129-DE97-4D7A-9382-39E319E5EE37.jpeg\" alt=\"\" class=\"wp-image-1956\" style=\"width:285px;height:auto\"\/><\/figure>\n\n\n\n<p class=\"has-text-align-justify\">Igen, az L&amp;L k\u00f6nyvesbolt standj\u00e1n\u00e1l (a Duna-Korz\u00f3n az utols\u00f3 pavilon lesz\u00fcnk :D) minden k\u00f6nyvem, r\u00e9gi, \u00faj, \u00e9s L&amp;L-es kiadv\u00e1ny is megv\u00e1s\u00e1rolhat\u00f3 lesz. <\/p>\n\n\n\n<figure class=\"wp-block-image size-full is-resized\"><img loading=\"lazy\" decoding=\"async\" width=\"484\" height=\"334\" src=\"https:\/\/www.leinerlaura.hu\/wp-content\/uploads\/2024\/05\/C9718845-403F-4178-8291-6573090C3A0E.jpeg\" alt=\"\" class=\"wp-image-1954\" style=\"width:253px;height:auto\"\/><\/figure>\n\n\n\n<p class=\"has-text-align-justify\">A v\u00e1rhat\u00f3 nagy(obb) \u00e9rdekl\u0151d\u00e9sre val\u00f3 tekintettel azt k\u00e9rn\u00e9nk mindenkit\u0151l, hogy szem\u00e9lyenk\u00e9nt csak egy k\u00f6nyvet \u00edrasson al\u00e1, \u00edgy gyors\u00edtva meg az esetleges sort, \u00e9s v\u00e1rakoz\u00e1si id\u0151t. Ezzel kapcsolatban k\u00f6sz\u00f6nj\u00fck a meg\u00e9rt\u00e9st. <\/p>\n\n\n\n<figure class=\"wp-block-image size-full is-resized\"><img loading=\"lazy\" decoding=\"async\" width=\"510\" height=\"343\" src=\"https:\/\/www.leinerlaura.hu\/wp-content\/uploads\/2024\/05\/02C1C71C-F8F8-4DF4-9855-D39ACBA8D78B.jpeg\" alt=\"\" class=\"wp-image-1957\" style=\"width:243px;height:auto\"\/><\/figure>\n\n\n\n<p class=\"has-text-align-justify\">Id\u00e9n \u00fagy alakult, hogy a szok\u00e1sosn\u00e1l is kevesebb felk\u00e9r\u00e9st tudtam v\u00e1llalni, nagyj\u00e1b\u00f3l bel\u00e1that\u00f3 id\u0151n bel\u00fcl csak a K\u00f6nyvhetet, \u00edgy aki tud, j\u00f6jj\u00f6n, mert sajnos nem tudom mikor lesz legk\u00f6zelebb dedik\u00e1l\u00e1s, el\u0151fordulhat, hogy el\u00e9g sok\u00e1. <\/p>\n\n\n\n<figure class=\"wp-block-image size-full is-resized\"><img loading=\"lazy\" decoding=\"async\" width=\"503\" height=\"333\" src=\"https:\/\/www.leinerlaura.hu\/wp-content\/uploads\/2024\/05\/7244C466-2003-4968-B763-06294DFD9F59.jpeg\" alt=\"\" class=\"wp-image-1958\" style=\"width:268px;height:auto\"\/><\/figure>\n\n\n\n<p class=\"has-text-align-justify\">\u00cdgy k\u00e9s\u0151 tavasszal a Nem egyszer\u0171t \u00e9s a K\u00f6zhelyeket mondan\u00e1m, az egyik vicces\/vid\u00e1m, a m\u00e1sik szomor\u00fa, de mindkett\u0151 tavaszi, \u00e9s egyr\u00e9szes. Ezen k\u00edv\u00fcl, mivel megy\u00fcnk bele a ny\u00e1rba, b\u00e1rmelyik ny\u00e1ri k\u00f6nyvemet (abb\u00f3l el\u00e9g nagy a v\u00e1laszt\u00e9k) Random, B\u00e1bel, 40 ny\u00e1ri nap, IOV I-II tril\u00f3gia. \ud83d\ude42 <\/p>\n\n\n\n<figure class=\"wp-block-image size-full is-resized\"><img loading=\"lazy\" decoding=\"async\" width=\"509\" height=\"341\" src=\"https:\/\/www.leinerlaura.hu\/wp-content\/uploads\/2024\/05\/283614F1-4731-42BE-B69D-7F7CBE3EA35D.jpeg\" alt=\"\" class=\"wp-image-1960\" style=\"width:261px;height:auto\"\/><\/figure>\n\n\n\n<p>Nyaral\u00e1sra egy\u00e9rtelm\u0171en a <a href=\"https:\/\/www.llkonyvesbolt.hu\/spd\/LLK2\/Leiner-Laura-Random\" target=\"_blank\" rel=\"noreferrer noopener\">Randomot<\/a>. \ud83d\ude42<\/p>\n\n\n\n<figure class=\"wp-block-image size-full is-resized\"><img loading=\"lazy\" decoding=\"async\" width=\"510\" height=\"333\" src=\"https:\/\/www.leinerlaura.hu\/wp-content\/uploads\/2024\/05\/3A27D580-9F20-4A3A-B358-8CEDFB4B82B1.jpeg\" alt=\"\" class=\"wp-image-1961\" style=\"width:226px;height:auto\"\/><\/figure>\n\n\n\n<p>Ez kommersz v\u00e1lasz lesz, de Stranger Things, illetve a Bojack Horseman.<\/p>\n\n\n\n<figure class=\"wp-block-image size-full is-resized\"><img loading=\"lazy\" decoding=\"async\" width=\"505\" height=\"327\" src=\"https:\/\/www.leinerlaura.hu\/wp-content\/uploads\/2024\/05\/A5F4B7D2-EDE5-4C9B-A2A1-260139C63B5B.jpeg\" alt=\"\" class=\"wp-image-1965\" style=\"width:224px;height:auto\"\/><\/figure>\n\n\n\n<p>Id\u0151nk\u00e9nt tel\u00edt\u0151d\u00f6m a nagyon s\u00f6t\u00e9t\/fekete sz\u00ednekkel, \u00e9s olyankor \u00e1ltal\u00e1ban \u00e1tfestem a hajam valami vil\u00e1gosabbra. <\/p>\n\n\n\n<figure class=\"wp-block-image size-full is-resized\"><img loading=\"lazy\" decoding=\"async\" width=\"512\" height=\"325\" src=\"https:\/\/www.leinerlaura.hu\/wp-content\/uploads\/2024\/05\/D5BA4CF9-E230-4028-A226-CA2C3EC1232A.jpeg\" alt=\"\" class=\"wp-image-1962\" style=\"width:210px;height:auto\"\/><\/figure>\n\n\n\n<p class=\"has-text-align-justify\">Volt m\u00e1r kor\u00e1bban, \u00e9s megint kedvet kaptam hozz\u00e1. \ud83d\ude42 De ez nem v\u00e9gleges, csak sz\u00ednez\u00e9s. Igaz, nem nagyon akar kij\u00f6nni\u2026 \ud83d\ude00<\/p>\n\n\n\n<figure class=\"wp-block-image size-full is-resized\"><img loading=\"lazy\" decoding=\"async\" width=\"1170\" height=\"1560\" src=\"https:\/\/www.leinerlaura.hu\/wp-content\/uploads\/2024\/05\/A407D1B1-D314-40F9-82FF-EF8D6B7B2C7F.jpeg\" alt=\"\" class=\"wp-image-1966\" style=\"width:578px;height:auto\" srcset=\"https:\/\/www.leinerlaura.hu\/wp-content\/uploads\/2024\/05\/A407D1B1-D314-40F9-82FF-EF8D6B7B2C7F.jpeg 1170w, https:\/\/www.leinerlaura.hu\/wp-content\/uploads\/2024\/05\/A407D1B1-D314-40F9-82FF-EF8D6B7B2C7F-768x1024.jpeg 768w, https:\/\/www.leinerlaura.hu\/wp-content\/uploads\/2024\/05\/A407D1B1-D314-40F9-82FF-EF8D6B7B2C7F-1152x1536.jpeg 1152w, https:\/\/www.leinerlaura.hu\/wp-content\/uploads\/2024\/05\/A407D1B1-D314-40F9-82FF-EF8D6B7B2C7F-585x780.jpeg 585w\" sizes=\"(max-width: 1170px) 100vw, 1170px\" \/><\/figure>\n\n\n\n<figure class=\"wp-block-image size-full is-resized\"><img loading=\"lazy\" decoding=\"async\" width=\"509\" height=\"218\" src=\"https:\/\/www.leinerlaura.hu\/wp-content\/uploads\/2024\/05\/DF31136F-F3C5-480F-BDA0-69AB3DDE8865-e1715268420366.jpeg\" alt=\"\" class=\"wp-image-1964\" style=\"width:272px;height:auto\"\/><\/figure>\n\n\n\n<p>\u2764\ufe0f A n\u0151v\u00e9rem. Mindig \u0151. <\/p>\n\n\n\n<figure class=\"wp-block-image size-full is-resized\"><img loading=\"lazy\" decoding=\"async\" width=\"505\" height=\"323\" src=\"https:\/\/www.leinerlaura.hu\/wp-content\/uploads\/2024\/05\/C30CBFDB-3017-4185-BBD9-AE629E89F46E.jpeg\" alt=\"\" class=\"wp-image-1963\" style=\"width:228px;height:auto\"\/><\/figure>\n\n\n\n<p>Linda \ud83d\ude42<\/p>\n\n\n\n<figure class=\"wp-block-image size-full is-resized\"><img loading=\"lazy\" decoding=\"async\" width=\"481\" height=\"328\" src=\"https:\/\/www.leinerlaura.hu\/wp-content\/uploads\/2024\/05\/24627C05-3039-4052-838A-A323E7AD691B.jpeg\" alt=\"\" class=\"wp-image-1967\" style=\"width:205px;height:auto\"\/><\/figure>\n\n\n\n<p class=\"has-text-align-justify\">K\u00f6sz\u00f6n\u00f6m sz\u00e9pen, ezt mindig nagy boldogs\u00e1g visszahallanom, mert el\u00e9g fontosak a k\u00f6nyveimhez v\u00e1lasztott zen\u00e9k, \u00e9s nagyon v\u00e1rom, hogy a k\u00f6vetkez\u0151(ke)t is megismerj\u00e9tek.<\/p>\n\n\n\n<figure class=\"wp-block-image size-full is-resized\"><img loading=\"lazy\" decoding=\"async\" width=\"501\" height=\"342\" src=\"https:\/\/www.leinerlaura.hu\/wp-content\/uploads\/2024\/05\/C875FF27-50C3-4A48-9710-DE890EC9F8C0.jpeg\" alt=\"\" class=\"wp-image-1942\" style=\"width:222px;height:auto\"\/><\/figure>\n\n\n\n<p class=\"has-text-align-justify\">Azt hiszem Iza a Nem egyszer\u0171b\u0151l, mert b\u00e1rmennyire is kaotikus az \u00e9lete, neki van a legjobb munk\u00e1ja, bar\u00e1tn\u0151je, bar\u00e1tja\u2026 \u00c9s mozi mellett lakik. \ud83d\ude00<\/p>\n\n\n\n<p>Egy\u00e9bk\u00e9nt m\u00e9g Zo\u00e9t mondan\u00e1m a 40 ny\u00e1ri napb\u00f3l Szak\u00f3 miatt. <\/p>\n\n\n\n<figure class=\"wp-block-image size-full is-resized\"><img loading=\"lazy\" decoding=\"async\" width=\"512\" height=\"325\" src=\"https:\/\/www.leinerlaura.hu\/wp-content\/uploads\/2024\/05\/0DABEDBE-C256-40CC-8848-250DF9B02EEC.jpeg\" alt=\"\" class=\"wp-image-1969\" style=\"width:218px;height:auto\"\/><\/figure>\n\n\n\n<p>\u00c9n nagyon kark\u00f6t\u0151s vagyok, sz\u00f3val mindenk\u00e9ppen az.<\/p>\n\n\n\n<figure class=\"wp-block-image size-full is-resized\"><img loading=\"lazy\" decoding=\"async\" width=\"1214\" height=\"1588\" src=\"https:\/\/www.leinerlaura.hu\/wp-content\/uploads\/2024\/05\/C8333345-47CA-481E-A5FB-43A12FD9E7B7.jpeg\" alt=\"\" class=\"wp-image-1972\" style=\"width:475px;height:auto\" srcset=\"https:\/\/www.leinerlaura.hu\/wp-content\/uploads\/2024\/05\/C8333345-47CA-481E-A5FB-43A12FD9E7B7.jpeg 1214w, https:\/\/www.leinerlaura.hu\/wp-content\/uploads\/2024\/05\/C8333345-47CA-481E-A5FB-43A12FD9E7B7-768x1005.jpeg 768w, https:\/\/www.leinerlaura.hu\/wp-content\/uploads\/2024\/05\/C8333345-47CA-481E-A5FB-43A12FD9E7B7-1174x1536.jpeg 1174w, https:\/\/www.leinerlaura.hu\/wp-content\/uploads\/2024\/05\/C8333345-47CA-481E-A5FB-43A12FD9E7B7-585x765.jpeg 585w\" sizes=\"(max-width: 1214px) 100vw, 1214px\" \/><\/figure>\n\n\n\n<figure class=\"wp-block-image size-full is-resized\"><img loading=\"lazy\" decoding=\"async\" width=\"504\" height=\"321\" src=\"https:\/\/www.leinerlaura.hu\/wp-content\/uploads\/2024\/05\/BDA1FA1E-47D9-4055-A66F-BBF6478FB6FC.jpeg\" alt=\"\" class=\"wp-image-1971\" style=\"width:231px;height:auto\"\/><\/figure>\n\n\n\n<p>Szerintem ezt kevesen gondoln\u00e1k, de\u2026 A K\u00f6zhelyek Disneylandben jutott eszembe. \u00c9n sem \u00e9rtem. \ud83d\ude00<\/p>\n\n\n\n<figure class=\"wp-block-image size-large is-resized\"><img loading=\"lazy\" decoding=\"async\" width=\"1170\" height=\"730\" src=\"https:\/\/www.leinerlaura.hu\/wp-content\/uploads\/2024\/05\/1A08D847-64B0-49F3-BB44-76E33E03B201-1170x730.jpeg\" alt=\"\" class=\"wp-image-1973\" style=\"width:221px;height:auto\"\/><\/figure>\n\n\n\n<p>Ezeket b\u00e1rmikor:<\/p>\n\n\n\n<figure class=\"wp-block-image size-full is-resized\"><img loading=\"lazy\" decoding=\"async\" width=\"1439\" height=\"1800\" src=\"https:\/\/www.leinerlaura.hu\/wp-content\/uploads\/2024\/05\/A4D1D3AE-1A16-4840-9FF8-B9A72EE0C537.jpeg\" alt=\"\" class=\"wp-image-1974\" style=\"width:546px;height:auto\" srcset=\"https:\/\/www.leinerlaura.hu\/wp-content\/uploads\/2024\/05\/A4D1D3AE-1A16-4840-9FF8-B9A72EE0C537.jpeg 1439w, https:\/\/www.leinerlaura.hu\/wp-content\/uploads\/2024\/05\/A4D1D3AE-1A16-4840-9FF8-B9A72EE0C537-768x961.jpeg 768w, https:\/\/www.leinerlaura.hu\/wp-content\/uploads\/2024\/05\/A4D1D3AE-1A16-4840-9FF8-B9A72EE0C537-1228x1536.jpeg 1228w, https:\/\/www.leinerlaura.hu\/wp-content\/uploads\/2024\/05\/A4D1D3AE-1A16-4840-9FF8-B9A72EE0C537-585x732.jpeg 585w\" sizes=\"(max-width: 1439px) 100vw, 1439px\" \/><\/figure>\n\n\n\n<figure class=\"wp-block-image size-full is-resized\"><img loading=\"lazy\" decoding=\"async\" width=\"497\" height=\"337\" src=\"https:\/\/www.leinerlaura.hu\/wp-content\/uploads\/2024\/05\/02994B55-3F8C-440D-92BA-3BE367A9290B.jpeg\" alt=\"\" class=\"wp-image-1975\" style=\"width:241px;height:auto\"\/><\/figure>\n\n\n\n<p class=\"has-text-align-justify\"><em>For a minute there. I lost myself.<\/em> Ez a Radiohead-Karma Police sz\u00e1m\u00e1ban van, \u00e9s nagyon-nagyon r\u00e9g\u00f3ta a h\u00e1tt\u00e9rk\u00e9pem is.<\/p>\n\n\n\n<figure class=\"wp-block-image size-full is-resized\"><img loading=\"lazy\" decoding=\"async\" width=\"1170\" height=\"1411\" src=\"https:\/\/www.leinerlaura.hu\/wp-content\/uploads\/2024\/05\/F40D36E7-96F7-40DE-A3D1-A0E02EC12112.jpeg\" alt=\"\" class=\"wp-image-1976\" style=\"width:414px;height:auto\" srcset=\"https:\/\/www.leinerlaura.hu\/wp-content\/uploads\/2024\/05\/F40D36E7-96F7-40DE-A3D1-A0E02EC12112.jpeg 1170w, https:\/\/www.leinerlaura.hu\/wp-content\/uploads\/2024\/05\/F40D36E7-96F7-40DE-A3D1-A0E02EC12112-768x926.jpeg 768w, https:\/\/www.leinerlaura.hu\/wp-content\/uploads\/2024\/05\/F40D36E7-96F7-40DE-A3D1-A0E02EC12112-585x706.jpeg 585w\" sizes=\"(max-width: 1170px) 100vw, 1170px\" \/><\/figure>\n\n\n\n<figure class=\"wp-block-image size-full is-resized\"><img loading=\"lazy\" decoding=\"async\" width=\"496\" height=\"332\" src=\"https:\/\/www.leinerlaura.hu\/wp-content\/uploads\/2024\/05\/0BCDD625-9105-49B1-A6AB-8D407A97EF05.jpeg\" alt=\"\" class=\"wp-image-1978\" style=\"width:264px;height:auto\"\/><\/figure>\n\n\n\n<p>\ud83d\ude00 K\u00f6sz\u00f6n\u00f6m, de nincs ilyenem, abban megyek moziba, ami \u00e9ppen rajtam van. <\/p>\n\n\n\n<figure class=\"wp-block-image size-full is-resized\"><img loading=\"lazy\" decoding=\"async\" width=\"507\" height=\"327\" src=\"https:\/\/www.leinerlaura.hu\/wp-content\/uploads\/2024\/05\/B72CCB5C-EDE6-42C5-8CBF-7D208AE26C6F.jpeg\" alt=\"\" class=\"wp-image-1979\" style=\"width:260px;height:auto\"\/><\/figure>\n\n\n\n<p>Mindig \u00e9n tal\u00e1lom ki a k\u00f6nyvbor\u00edt\u00f3kat, a sz\u00edneket is, \u00e9s azt is, hogy mi legyen rajta. \ud83d\ude42<\/p>\n\n\n\n<figure class=\"wp-block-image size-full is-resized\"><img loading=\"lazy\" decoding=\"async\" width=\"499\" height=\"347\" src=\"https:\/\/www.leinerlaura.hu\/wp-content\/uploads\/2024\/05\/A46D4CA7-B978-462A-A52A-FB960EF30A12.jpeg\" alt=\"\" class=\"wp-image-1980\" style=\"width:259px;height:auto\"\/><\/figure>\n\n\n\n<p>Nem egyszer\u0171b\u0151l Hajni, \u00e9s a Bexib\u0151l Daniella.<\/p>\n\n\n\n<figure class=\"wp-block-image size-full is-resized\"><img loading=\"lazy\" decoding=\"async\" width=\"503\" height=\"343\" src=\"https:\/\/www.leinerlaura.hu\/wp-content\/uploads\/2024\/05\/473FF020-1D4A-47C1-ADB6-FCE986BF2E8D.jpeg\" alt=\"\" class=\"wp-image-1981\" style=\"width:269px;height:auto\"\/><\/figure>\n\n\n\n<p>Valami filmes munka, forgat\u00f3k\u00f6nyv\u00edr\u00e1s esetleg. <\/p>\n\n\n\n<figure class=\"wp-block-image size-full is-resized\"><img loading=\"lazy\" decoding=\"async\" width=\"1170\" height=\"1645\" src=\"https:\/\/www.leinerlaura.hu\/wp-content\/uploads\/2024\/05\/FB4A2391-A2AC-4028-9B04-4589131B3039.jpeg\" alt=\"\" class=\"wp-image-1982\" style=\"width:442px;height:auto\" srcset=\"https:\/\/www.leinerlaura.hu\/wp-content\/uploads\/2024\/05\/FB4A2391-A2AC-4028-9B04-4589131B3039.jpeg 1170w, https:\/\/www.leinerlaura.hu\/wp-content\/uploads\/2024\/05\/FB4A2391-A2AC-4028-9B04-4589131B3039-768x1080.jpeg 768w, https:\/\/www.leinerlaura.hu\/wp-content\/uploads\/2024\/05\/FB4A2391-A2AC-4028-9B04-4589131B3039-1092x1536.jpeg 1092w, https:\/\/www.leinerlaura.hu\/wp-content\/uploads\/2024\/05\/FB4A2391-A2AC-4028-9B04-4589131B3039-585x823.jpeg 585w\" sizes=\"(max-width: 1170px) 100vw, 1170px\" \/><\/figure>\n\n\n\n<figure class=\"wp-block-image size-full is-resized\"><img loading=\"lazy\" decoding=\"async\" width=\"511\" height=\"324\" src=\"https:\/\/www.leinerlaura.hu\/wp-content\/uploads\/2024\/05\/3019F414-7FA8-44C0-9F72-7AE0ABD1A834.jpeg\" alt=\"\" class=\"wp-image-1983\" style=\"width:264px;height:auto\"\/><\/figure>\n\n\n\n<p class=\"has-text-align-justify\">Igen, tervben van, de utaz\u00e1sr\u00f3l\/nyaral\u00e1sr\u00f3l soha nem szoktam posztolni, vagy besz\u00e1molni, azt szeretem megtartani teljesen priv\u00e1tnak. \ud83d\ude42<\/p>\n\n\n\n<figure class=\"wp-block-image size-full is-resized\"><img loading=\"lazy\" decoding=\"async\" width=\"483\" height=\"338\" src=\"https:\/\/www.leinerlaura.hu\/wp-content\/uploads\/2024\/05\/EB2098DD-BE0C-464F-9D6B-993F84D1BB8B.jpeg\" alt=\"\" class=\"wp-image-1985\" style=\"width:269px;height:auto\"\/><\/figure>\n\n\n\n<p>Nagyon k\u00f6sz\u00f6n\u00f6m! Igen, sajnos a Nem egyszer\u0171 egyr\u00e9szes k\u00f6nyvem, nem lesz folytat\u00e1sa, de nekem is hatalmas kedvencem a saj\u00e1tjaim k\u00f6z\u00fcl. <\/p>\n\n\n\n<figure class=\"wp-block-image size-full is-resized\"><img loading=\"lazy\" decoding=\"async\" width=\"504\" height=\"320\" src=\"https:\/\/www.leinerlaura.hu\/wp-content\/uploads\/2024\/05\/8633688B-16C5-41CB-B011-1701BB6A48F0.jpeg\" alt=\"\" class=\"wp-image-1984\" style=\"width:279px;height:auto\"\/><\/figure>\n\n\n\n<p class=\"has-text-align-justify\">Rengeteg van, im\u00e1dom a m\u00e9meket, az <a href=\"https:\/\/www.instagram.com\/leinerlauraofficial\/\" target=\"_blank\" rel=\"noreferrer noopener\">Inst\u00e1mon<\/a> s\u0171r\u0171n megosztok olvas\u00f3it, \u00e9s saj\u00e1tot is, nem is tudn\u00e9k v\u00e1lasztani, annyira j\u00f3k vannak. <\/p>\n\n\n\n<figure class=\"wp-block-image size-full is-resized\"><img loading=\"lazy\" decoding=\"async\" width=\"960\" height=\"960\" src=\"https:\/\/www.leinerlaura.hu\/wp-content\/uploads\/2024\/05\/image-1.png\" alt=\"\" class=\"wp-image-2012\" style=\"width:519px;height:auto\" srcset=\"https:\/\/www.leinerlaura.hu\/wp-content\/uploads\/2024\/05\/image-1.png 960w, https:\/\/www.leinerlaura.hu\/wp-content\/uploads\/2024\/05\/image-1-160x160.png 160w, https:\/\/www.leinerlaura.hu\/wp-content\/uploads\/2024\/05\/image-1-768x768.png 768w, https:\/\/www.leinerlaura.hu\/wp-content\/uploads\/2024\/05\/image-1-585x585.png 585w\" sizes=\"(max-width: 960px) 100vw, 960px\" \/><\/figure>\n\n\n\n<figure class=\"wp-block-image size-full is-resized\"><img loading=\"lazy\" decoding=\"async\" width=\"512\" height=\"341\" src=\"https:\/\/www.leinerlaura.hu\/wp-content\/uploads\/2024\/05\/13C3D5D0-3E8A-41A3-92B2-BB24B68F0ED8.jpeg\" alt=\"\" class=\"wp-image-1986\" style=\"width:291px;height:auto\"\/><\/figure>\n\n\n\n<p class=\"has-text-align-justify\">Igaz\u00e1b\u00f3l j\u00f3l, ahogy \u00edgy visszaeml\u00e9kszem r\u00e1 (b\u00e1r nem mostan\u00e1ban volt). Nagyon-nagyon gyorsan meg\u00edrtam, szinte \u00e9jjel-nappal, meg\u00e1ll\u00e1s n\u00e9lk\u00fcl, \u00e9s a mai napig az egyik leg-leg k\u00f6nyvem. Minden szempontb\u00f3l az egyik legfontosabb \u00edr\u00e1somnak tartom.<\/p>\n\n\n\n<figure class=\"wp-block-image size-full is-resized\"><img loading=\"lazy\" decoding=\"async\" width=\"506\" height=\"329\" src=\"https:\/\/www.leinerlaura.hu\/wp-content\/uploads\/2024\/05\/7A60CD2E-7806-4F07-88B3-59F3B640B7B5.jpeg\" alt=\"\" class=\"wp-image-1987\" style=\"width:271px;height:auto\"\/><\/figure>\n\n\n\n<p class=\"has-text-align-justify\">Jaj, nagyon j\u00f3 lenne, de jelenleg nincs nagyon id\u0151m r\u00e1, \u00f6sszecsapni pedig nem szeretn\u00e9m, mert ann\u00e1l sokkal fontosabb projektem volt mindig is a Noble Rock. \u00cdgy ink\u00e1bb kicsit tol\u00f3dik, \u00e9s majd akkor j\u00f6n \u00faj kollekci\u00f3, amikor maxim\u00e1lisan tudok vele foglalkozni. De nagyon k\u00f6sz\u00f6n\u00f6m, hogy v\u00e1rj\u00e1tok, \u00edg\u00e9rem, lesz m\u00e9g. \ud83d\udc80<\/p>\n\n\n\n<figure class=\"wp-block-image size-full is-resized\"><img loading=\"lazy\" decoding=\"async\" width=\"501\" height=\"315\" src=\"https:\/\/www.leinerlaura.hu\/wp-content\/uploads\/2024\/05\/63412BCE-58E3-4D2F-B199-82D8F40DB86B.jpeg\" alt=\"\" class=\"wp-image-1997\" style=\"width:274px;height:auto\"\/><\/figure>\n\n\n\n<figure class=\"wp-block-image size-large is-resized\"><img loading=\"lazy\" decoding=\"async\" width=\"760\" height=\"730\" src=\"https:\/\/www.leinerlaura.hu\/wp-content\/uploads\/2024\/05\/F500A340-BC8F-4BFA-8682-8120B6DE1787-760x730.jpeg\" alt=\"\" class=\"wp-image-2001\" style=\"width:437px;height:auto\"\/><\/figure>\n\n\n\n<figure class=\"wp-block-image size-full is-resized\"><img loading=\"lazy\" decoding=\"async\" width=\"515\" height=\"329\" src=\"https:\/\/www.leinerlaura.hu\/wp-content\/uploads\/2024\/05\/E09D478A-FE73-4747-84D9-FE31CA49AD29.jpeg\" alt=\"\" class=\"wp-image-1998\" style=\"width:267px;height:auto\"\/><\/figure>\n\n\n\n<p>Nincs. \ud83d\ude42<\/p>\n\n\n\n<figure class=\"wp-block-image size-full is-resized\"><img loading=\"lazy\" decoding=\"async\" width=\"509\" height=\"321\" src=\"https:\/\/www.leinerlaura.hu\/wp-content\/uploads\/2024\/05\/0DAC3EEC-7ED9-456E-B4D4-FBA6BC4EEA6D.jpeg\" alt=\"\" class=\"wp-image-1999\" style=\"width:264px;height:auto\"\/><\/figure>\n\n\n\n<p>Inst\u00e1n a <a href=\"https:\/\/www.instagram.com\/filmtourismus?igsh=MTBlYWZzbnVlNWlxaw==\" target=\"_blank\" rel=\"noreferrer noopener\">filmtourismus<\/a> \u00e9s a <a href=\"https:\/\/www.instagram.com\/mozinaplo?igsh=M3Z2dHh3enF1eHA5\" target=\"_blank\" rel=\"noreferrer noopener\">mozinaplo<\/a> oldala.<\/p>\n\n\n\n<figure class=\"wp-block-image size-full is-resized\"><img loading=\"lazy\" decoding=\"async\" width=\"517\" height=\"315\" src=\"https:\/\/www.leinerlaura.hu\/wp-content\/uploads\/2024\/05\/FC6D8C96-362F-4C42-9D38-A373C0D5C652.jpeg\" alt=\"\" class=\"wp-image-2000\" style=\"width:277px;height:auto\"\/><\/figure>\n\n\n\n<p>A <a href=\"https:\/\/www.llkonyvesbolt.hu\/Leiner-Laura-Remek-Ez-is-remek\" target=\"_blank\" rel=\"noreferrer noopener\">Remek! <\/a>volt az els\u0151 k\u00f6nyvem.<\/p>\n\n\n\n<figure class=\"wp-block-image size-large is-resized\"><img loading=\"lazy\" decoding=\"async\" width=\"1170\" height=\"730\" src=\"https:\/\/www.leinerlaura.hu\/wp-content\/uploads\/2023\/08\/AB958E0B-B384-4970-9967-D38EEFB7829A-1170x730.jpeg\" alt=\"\" class=\"wp-image-1242\" style=\"width:493px;height:auto\"\/><\/figure>\n\n\n\n<figure class=\"wp-block-image size-full is-resized\"><img loading=\"lazy\" decoding=\"async\" width=\"501\" height=\"321\" src=\"https:\/\/www.leinerlaura.hu\/wp-content\/uploads\/2024\/05\/34146697-C9D9-4AA0-ADF5-90F54120D5E8.jpeg\" alt=\"\" class=\"wp-image-1988\" style=\"width:274px;height:auto\"\/><\/figure>\n\n\n\n<p class=\"has-text-align-justify\">\ud83d\ude00 K\u00f6nyvekb\u0151l v\u00e1logat\u00f3sabb vagyok, emiatt ritk\u00e1bban olvasok, mert nagyon megsz\u0171r\u00f6m, hogy mit. Filmek ter\u00e9n m\u00e1s a helyzet, j\u00f6het b\u00e1rmi (f\u0151leg moziban), \u00fagyhogy ilyen szempontb\u00f3l \u00e9n ink\u00e1bb a filmeket mondom. M\u00e1shogy t\u00f6lt fel \u00e9s kapcsol ki.<\/p>\n\n\n\n<figure class=\"wp-block-image size-full is-resized\"><img loading=\"lazy\" decoding=\"async\" width=\"515\" height=\"334\" src=\"https:\/\/www.leinerlaura.hu\/wp-content\/uploads\/2024\/05\/800B0EB0-1507-4E26-8E0A-7EEECDF91E94.jpeg\" alt=\"\" class=\"wp-image-1989\" style=\"width:268px;height:auto\"\/><\/figure>\n\n\n\n<p class=\"has-text-align-justify\">Avenged Sevenfold sajnos kimaradt eddig, \u00e9s \u0151r\u00fclten szeretn\u00e9m l\u00e1tni \u0151ket \u00e9l\u0151ben, illetve Eminem. Egy Eminem koncert\u00e9rt b\u00e1rmit megadn\u00e9k. \ud83d\ude00<\/p>\n\n\n\n<figure class=\"wp-block-image size-full is-resized\"><img loading=\"lazy\" decoding=\"async\" width=\"478\" height=\"337\" src=\"https:\/\/www.leinerlaura.hu\/wp-content\/uploads\/2024\/05\/34D7FF9C-55CC-4098-9C11-82995DCC01FC.jpeg\" alt=\"\" class=\"wp-image-1991\" style=\"width:269px;height:auto\"\/><\/figure>\n\n\n\n<p class=\"has-text-align-justify\">\ud83d\ude42 Kezd\u00e9snek tal\u00e1n a Szent Johanna gimit, \u00e1ltal\u00e1ban azzal kezdik az olvas\u00f3k, vagy a m\u00e1sodik IOV tril\u00f3gi\u00e1t mondan\u00e1m m\u00e9g. B\u00e1rmelyiket v\u00e1lasztod, nagyon j\u00f3 sz\u00f3rakoz\u00e1st hozz\u00e1.<\/p>\n\n\n\n<figure class=\"wp-block-image size-full is-resized\"><img loading=\"lazy\" decoding=\"async\" width=\"503\" height=\"340\" src=\"https:\/\/www.leinerlaura.hu\/wp-content\/uploads\/2024\/05\/67C85966-96A1-4812-9A87-5185ACC6CC76.jpeg\" alt=\"\" class=\"wp-image-1993\" style=\"width:275px;height:auto\"\/><\/figure>\n\n\n\n<p>N\u00e9h\u00e1ny \u00e9ve leestem a fut\u00f3padr\u00f3l \u00e9s elt\u00f6rt a szegycsontom. K\u00e1b\u00e9 \u00edgy:<\/p>\n\n\n\n<figure class=\"wp-block-image size-full\"><img loading=\"lazy\" decoding=\"async\" width=\"220\" height=\"220\" src=\"https:\/\/www.leinerlaura.hu\/wp-content\/uploads\/2024\/05\/image.gif\" alt=\"\" class=\"wp-image-2014\"\/><\/figure>\n\n\n\n<figure class=\"wp-block-image size-full is-resized\"><img loading=\"lazy\" decoding=\"async\" width=\"502\" height=\"320\" src=\"https:\/\/www.leinerlaura.hu\/wp-content\/uploads\/2024\/05\/ED13D457-7C9A-4191-BD6B-B546F77F2111.jpeg\" alt=\"\" class=\"wp-image-1995\" style=\"width:277px;height:auto\"\/><\/figure>\n\n\n\n<p class=\"has-text-align-justify\">Nagyon k\u00f6sz\u00f6n\u00f6m, hogy ezt ennyire sokan k\u00e9rdezt\u00e9tek. J\u00f3l vagyok, nagyon v\u00e1rom a <a href=\"https:\/\/www.leinerlaura.hu\/index.php\/2024\/05\/01\/konyvhet-dedikalas-2024\/\" target=\"_blank\" rel=\"noreferrer noopener\">K\u00f6nyvhetet<\/a>, \u00e9s majd az \u0151szi megjelen\u00e9st is, k\u00f6zben pedig fantasztikus dolgok t\u00f6rt\u00e9nnek, a <a href=\"https:\/\/www.leinerlaura.hu\/index.php\/2024\/04\/12\/moly-dij-jelolt-a-nem-egyszeru-es-40-nyari-nap\/\" target=\"_blank\" rel=\"noreferrer noopener\">40 ny\u00e1ri nap \u00e9s a Nem egyszer\u0171 is jel\u00f6lt a Moly-d\u00edjra<\/a> \u00e9s nemr\u00e9g kaptam egy nagyon megtisztel\u0151 megkeres\u00e9st, err\u0151l nemsok\u00e1ra hozom a r\u00e9szleteket, \u00e9s hogy pontosan mi ez. \ud83d\ude42 <\/p>\n\n\n\n<p>K\u00f6sz\u00f6n\u00f6m a k\u00e9rd\u00e9seket, \u00e9s hogy v\u00e9gigolvast\u00e1tok a bejegyz\u00e9st!<\/p>\n","protected":false},"excerpt":{"rendered":"<p>Nemr\u00e9g volt az inst\u00e1mon egy k\u00e9rdezz-felelek, amir\u0151l most hoztam egy b\u0151vebb bejegyz\u00e9st is a v\u00e1laszokkal. \ud83d\ude42 Nem, az \u00e9v els\u0151 fel\u00e9re nem volt betervezve megjelen\u00e9s, ez\u00e9rt nem is hoztam r\u00f3la h\u00edrt, mert annak ellen\u00e9re, hogy m\u00e1r elk\u00e9sz\u00fclt a k\u00f6vetkez\u0151 k\u00f6nyvem, szerettem volna id\u0151t adni a m\u00falt novemberben megjelent Nem egyszer\u0171nek, ami tavaszi t\u00f6rt\u00e9net, \u00e9s most<\/p>\n","protected":false},"author":2,"featured_media":2031,"comment_status":"open","ping_status":"open","sticky":false,"template":"","format":"standard","meta":{"_jetpack_memberships_contains_paid_content":false,"footnotes":""},"categories":[31],"tags":[],"class_list":["post-1940","post","type-post","status-publish","format-standard","has-post-thumbnail","hentry","category-kerdesek-es-valaszok"],"jetpack_featured_media_url":"https:\/\/www.leinerlaura.hu\/wp-content\/uploads\/2024\/05\/9B5D7E59-4A2F-4690-B474-CEE4F41285E0-scaled.jpeg","jetpack_sharing_enabled":true,"_links":{"self":[{"href":"https:\/\/www.leinerlaura.hu\/index.php\/wp-json\/wp\/v2\/posts\/1940","targetHints":{"allow":["GET"]}}],"collection":[{"href":"https:\/\/www.leinerlaura.hu\/index.php\/wp-json\/wp\/v2\/posts"}],"about":[{"href":"https:\/\/www.leinerlaura.hu\/index.php\/wp-json\/wp\/v2\/types\/post"}],"author":[{"embeddable":true,"href":"https:\/\/www.leinerlaura.hu\/index.php\/wp-json\/wp\/v2\/users\/2"}],"replies":[{"embeddable":true,"href":"https:\/\/www.leinerlaura.hu\/index.php\/wp-json\/wp\/v2\/comments?post=1940"}],"version-history":[{"count":28,"href":"https:\/\/www.leinerlaura.hu\/index.php\/wp-json\/wp\/v2\/posts\/1940\/revisions"}],"predecessor-version":[{"id":2039,"href":"https:\/\/www.leinerlaura.hu\/index.php\/wp-json\/wp\/v2\/posts\/1940\/revisions\/2039"}],"wp:featuredmedia":[{"embeddable":true,"href":"https:\/\/www.leinerlaura.hu\/index.php\/wp-json\/wp\/v2\/media\/2031"}],"wp:attachment":[{"href":"https:\/\/www.leinerlaura.hu\/index.php\/wp-json\/wp\/v2\/media?parent=1940"}],"wp:term":[{"taxonomy":"category","embeddable":true,"href":"https:\/\/www.leinerlaura.hu\/index.php\/wp-json\/wp\/v2\/categories?post=1940"},{"taxonomy":"post_tag","embeddable":true,"href":"https:\/\/www.leinerlaura.hu\/index.php\/wp-json\/wp\/v2\/tags?post=1940"}],"curies":[{"name":"wp","href":"https:\/\/api.w.org\/{rel}","templated":true}]}}