{"id":2052,"date":"2024-06-05T15:27:03","date_gmt":"2024-06-05T13:27:03","guid":{"rendered":"https:\/\/www.leinerlaura.hu\/?p=2052"},"modified":"2024-06-05T15:39:02","modified_gmt":"2024-06-05T13:39:02","slug":"kortars-irok-kedvencei","status":"publish","type":"post","link":"https:\/\/www.leinerlaura.hu\/index.php\/2024\/06\/05\/kortars-irok-kedvencei\/","title":{"rendered":"Kort\u00e1rs \u00edr\u00f3k kedvencei"},"content":{"rendered":"\n<p>Kort\u00e1rs \u00edr\u00f3k kedvenc \u00e9telei a <a href=\"https:\/\/vakvarju.com\/kortars-magyar-irok-kedvenc-fogasai-kerultek-fel-vakvarju-ettermeink-konyvheti-chefajanlataba\/\" target=\"_blank\" rel=\"noreferrer noopener\">VakVarj\u00fa<\/a> \u00e9ttermekben az \u00dcnnepi K\u00f6nyvh\u00e9t tisztelet\u00e9re. <\/p>\n\n\n\n<figure class=\"wp-block-image size-full\"><img fetchpriority=\"high\" decoding=\"async\" width=\"1170\" height=\"920\" src=\"https:\/\/www.leinerlaura.hu\/wp-content\/uploads\/2024\/06\/C244545A-EB09-47E4-8AC5-6C8AB64A8EA2.jpeg\" alt=\"\" class=\"wp-image-2053\" srcset=\"https:\/\/www.leinerlaura.hu\/wp-content\/uploads\/2024\/06\/C244545A-EB09-47E4-8AC5-6C8AB64A8EA2.jpeg 1170w, https:\/\/www.leinerlaura.hu\/wp-content\/uploads\/2024\/06\/C244545A-EB09-47E4-8AC5-6C8AB64A8EA2-768x604.jpeg 768w, https:\/\/www.leinerlaura.hu\/wp-content\/uploads\/2024\/06\/C244545A-EB09-47E4-8AC5-6C8AB64A8EA2-585x460.jpeg 585w, https:\/\/www.leinerlaura.hu\/wp-content\/uploads\/2024\/06\/C244545A-EB09-47E4-8AC5-6C8AB64A8EA2-520x410.jpeg 520w\" sizes=\"(max-width: 1170px) 100vw, 1170px\" \/><\/figure>\n\n\n\n<p class=\"has-text-align-justify\">Az idei \u00e9vben az a megtiszteltet\u00e9s \u00e9rt, hogy a <a href=\"https:\/\/vakvarju.com\/\" target=\"_blank\" rel=\"noreferrer noopener\">VakVarj\u00fa<\/a> \u00e9tterem engem is felk\u00e9rt, \u00edgy hatalmas \u00f6r\u00f6m\u00f6mre Lackfi J\u00e1nos \u00e9s Ny\u00e1ry Kriszti\u00e1n mellett \u00e9n is v\u00e1laszthattam kedvenc \u00e9telt az \u00e9tlapra.<\/p>\n\n\n\n<p class=\"has-text-align-justify\">Aki k\u00f6veti az oldalaimat (f\u0151leg az <a href=\"https:\/\/www.instagram.com\/leinerlauraofficial\/\" target=\"_blank\" rel=\"noreferrer noopener\">inst\u00e1mat<\/a>, ahol mindig posztolok \u00e9teleket) sejtheti, hogy mennyire \u00f6r\u00fcltem a megkeres\u00e9snek, \u00e9s alig v\u00e1rtam, hogy megoszthassam a h\u00edrt. A chefaj\u00e1nlatba kedvencemk\u00e9nt egy veget\u00e1ri\u00e1nus hamburger ker\u00fclt, ami egyr\u00e9szt t\u00e9nyleg mindig az egyik \u00e1lland\u00f3 v\u00e1laszt\u00e1som, m\u00e1sr\u00e9szt pedig, fontos szempontom volt, hogy h\u00fasmentes \u00e9tel legyen, \u00edgy a veget\u00e1ri\u00e1nusok is meg tudj\u00e1k k\u00f3stolni.<\/p>\n\n\n\n<figure class=\"wp-block-image size-full is-resized\"><img decoding=\"async\" width=\"2560\" height=\"2259\" src=\"https:\/\/www.leinerlaura.hu\/wp-content\/uploads\/2024\/06\/5672456A-E8DD-4B06-9C8A-09650C534DB8-scaled.jpeg\" alt=\"\" class=\"wp-image-2055\" style=\"width:875px;height:auto\" srcset=\"https:\/\/www.leinerlaura.hu\/wp-content\/uploads\/2024\/06\/5672456A-E8DD-4B06-9C8A-09650C534DB8-scaled.jpeg 2560w, https:\/\/www.leinerlaura.hu\/wp-content\/uploads\/2024\/06\/5672456A-E8DD-4B06-9C8A-09650C534DB8-768x678.jpeg 768w, https:\/\/www.leinerlaura.hu\/wp-content\/uploads\/2024\/06\/5672456A-E8DD-4B06-9C8A-09650C534DB8-1536x1356.jpeg 1536w, https:\/\/www.leinerlaura.hu\/wp-content\/uploads\/2024\/06\/5672456A-E8DD-4B06-9C8A-09650C534DB8-2048x1808.jpeg 2048w, https:\/\/www.leinerlaura.hu\/wp-content\/uploads\/2024\/06\/5672456A-E8DD-4B06-9C8A-09650C534DB8-585x516.jpeg 585w\" sizes=\"(max-width: 2560px) 100vw, 2560px\" \/><figcaption class=\"wp-element-caption\"><em>Veget\u00e1ri\u00e1nus \u201eHAM&amp;BURGER\u201d konfit\u00e1lt portobello gomb\u00e1val \u00e9s ropog\u00f3s morzs\u00e1ban s\u00fclt cheddar sajttal&nbsp;&#8211; Aszalt paradicsomos aioli, karamelliz\u00e1lt lilahagymalekv\u00e1r, sal\u00e1ta \u00e9s s\u00fclt \u00e9desburgonya<\/em><\/figcaption><\/figure>\n\n\n\n<p class=\"has-text-align-justify\">Desszertnek pedig anan\u00e1szos-k\u00f3kuszos s\u00fcti ker\u00fclt az aj\u00e1nlatba. \ud83d\ude42<\/p>\n\n\n\n<figure class=\"wp-block-image size-full is-resized\"><img decoding=\"async\" width=\"1170\" height=\"1586\" src=\"https:\/\/www.leinerlaura.hu\/wp-content\/uploads\/2024\/06\/5E517534-80DB-4A9E-9B74-DEC8D1346E3A.jpeg\" alt=\"\" class=\"wp-image-2056\" style=\"width:881px;height:auto\" srcset=\"https:\/\/www.leinerlaura.hu\/wp-content\/uploads\/2024\/06\/5E517534-80DB-4A9E-9B74-DEC8D1346E3A.jpeg 1170w, https:\/\/www.leinerlaura.hu\/wp-content\/uploads\/2024\/06\/5E517534-80DB-4A9E-9B74-DEC8D1346E3A-768x1041.jpeg 768w, https:\/\/www.leinerlaura.hu\/wp-content\/uploads\/2024\/06\/5E517534-80DB-4A9E-9B74-DEC8D1346E3A-1133x1536.jpeg 1133w, https:\/\/www.leinerlaura.hu\/wp-content\/uploads\/2024\/06\/5E517534-80DB-4A9E-9B74-DEC8D1346E3A-585x793.jpeg 585w\" sizes=\"(max-width: 1170px) 100vw, 1170px\" \/><figcaption class=\"wp-element-caption\"><em>K\u00f3kuszos-anan\u00e1szos desszert dacquoise alapon, feh\u00e9rcsokis-k\u00f3kuszos kr\u00e9mmel<\/em><\/figcaption><\/figure>\n\n\n\n<p class=\"has-text-align-justify\">A chefaj\u00e1nlat a mai napt\u00f3l el\u00e9rhet\u0151 a <a href=\"https:\/\/vakvarju.com\/\">VakVarj\u00fa<\/a> \u00e9ttermeiben, tegnap pedig megt\u00f6rt\u00e9nt az \u00e9telek bemutat\u00e1sa egy fot\u00f3z\u00e1ssal egybek\u00f6t\u00f6tt eb\u00e9den a VakVarj\u00fa \u00dajlip\u00f3tban, ami \u00f3ri\u00e1si \u00e9lm\u00e9ny volt \u00e9s nagyszer\u0171 hangulatban telt. Az err\u0151l k\u00e9sz\u00fclt <a href=\"https:\/\/www.tiktok.com\/@leinerlaura\/video\/7377009229703564576?_t=8mwmXmn1Wt7&amp;_r=1\" target=\"_blank\" rel=\"noreferrer noopener\">vide\u00f3<\/a>:<\/p>\n\n\n<blockquote class=\"tiktok-embed\" cite=\"https:\/\/www.tiktok.com\/@leinerlaura\/video\/7377009229703564576\" data-video-id=\"7377009229703564576\" data-embed-from=\"oembed\" style=\"max-width:605px; min-width:325px;\"> <section> <a target=\"_blank\" title=\"@leinerlaura\" href=\"https:\/\/www.tiktok.com\/@leinerlaura?refer=embed\">@leinerlaura<\/a> <p>Kort\u00e1rs \u00edr\u00f3k kedvenc \u00e9telei a VakVarj\u00fa \u00e9ttermekben. Az idei \u00e9vben az a megtiszteltet\u00e9s \u00e9rt, hogy engem is felk\u00e9rtek, \u00edgy Lackfi J\u00e1nos \u00e9s Ny\u00e1ry Kriszti\u00e1n mellett \u00e9n is v\u00e1laszthattam kedvenc \u00e9telt az \u00e9tlapra \ud83e\udd79 <\/p> <a target=\"_blank\" title=\"\u266c Walking Around - Instrumental Version - Eldar Kedem\" href=\"https:\/\/www.tiktok.com\/music\/Walking-Around-Instrumental-Version-6982541212746008578?refer=embed\">\u266c Walking Around &#8211; Instrumental Version &#8211; Eldar Kedem<\/a> <\/section> <\/blockquote> <script async src=\"https:\/\/www.tiktok.com\/embed.js\"><\/script>\n\n\n\n\n\n\n<p class=\"has-text-align-justify\">Nagyon k\u00f6sz\u00f6n\u00f6m a lehet\u0151s\u00e9get, \u00f3ri\u00e1si megtiszteltet\u00e9s a felk\u00e9r\u00e9s, \u00e9s hogy Lackfi J\u00e1nossal \u00e9s Ny\u00e1ry Kriszti\u00e1nnal szerepelhetek a VakVarj\u00fa kort\u00e1rs magyar \u00edr\u00f3k chefaj\u00e1nlat\u00e1ban.<\/p>\n\n\n\n<figure class=\"wp-block-image size-full is-resized\"><img loading=\"lazy\" decoding=\"async\" width=\"1800\" height=\"1800\" src=\"https:\/\/www.leinerlaura.hu\/wp-content\/uploads\/2024\/06\/8BB3D8AC-1B6E-404C-B1DE-386FE5D51A7D.jpeg\" alt=\"\" class=\"wp-image-2057\" style=\"width:875px;height:auto\" srcset=\"https:\/\/www.leinerlaura.hu\/wp-content\/uploads\/2024\/06\/8BB3D8AC-1B6E-404C-B1DE-386FE5D51A7D.jpeg 1800w, https:\/\/www.leinerlaura.hu\/wp-content\/uploads\/2024\/06\/8BB3D8AC-1B6E-404C-B1DE-386FE5D51A7D-160x160.jpeg 160w, https:\/\/www.leinerlaura.hu\/wp-content\/uploads\/2024\/06\/8BB3D8AC-1B6E-404C-B1DE-386FE5D51A7D-768x768.jpeg 768w, https:\/\/www.leinerlaura.hu\/wp-content\/uploads\/2024\/06\/8BB3D8AC-1B6E-404C-B1DE-386FE5D51A7D-1536x1536.jpeg 1536w, https:\/\/www.leinerlaura.hu\/wp-content\/uploads\/2024\/06\/8BB3D8AC-1B6E-404C-B1DE-386FE5D51A7D-585x585.jpeg 585w\" sizes=\"(max-width: 1800px) 100vw, 1800px\" \/><\/figure>\n\n\n\n<p class=\"has-text-align-justify\">Az \u00e9tterem oldal\u00e1n b\u0151vebben is olvashat\u00f3 a kezdem\u00e9nyez\u00e9sr\u0151l \u00e9s k\u00e9sz\u00fclt egy-egy <a href=\"https:\/\/vakvarju.com\/kortars-magyar-irok-kedvenc-fogasai-kerultek-fel-vakvarju-ettermeink-konyvheti-chefajanlataba\/\" target=\"_blank\" rel=\"noreferrer noopener\">r\u00f6vid interj\u00fa is<\/a>. \ud83d\ude42&nbsp;Az \u00e9telek a mai napt\u00f3l m\u00e1r el\u00e9rhet\u0151k, \u00e9s a K\u00f6nyvh\u00e9t v\u00e9g\u00e9ig biztosan chefaj\u00e1nlatban lesznek mind az \u00f6t VakVarj\u00faban.<\/p>\n\n\n\n<p><em>A felk\u00e9r\u00e9st \u00f3ri\u00e1si megtiszteltet\u00e9snek vettem, azonban nem min\u0151s\u00fcl rekl\u00e1mnak \u00e9s nem fizetett egy\u00fcttm\u0171k\u00f6d\u00e9s.<\/em><\/p>\n","protected":false},"excerpt":{"rendered":"<p>Kort\u00e1rs \u00edr\u00f3k kedvenc \u00e9telei a VakVarj\u00fa \u00e9ttermekben az \u00dcnnepi K\u00f6nyvh\u00e9t tisztelet\u00e9re. Az idei \u00e9vben az a megtiszteltet\u00e9s \u00e9rt, hogy a VakVarj\u00fa \u00e9tterem engem is felk\u00e9rt, \u00edgy hatalmas \u00f6r\u00f6m\u00f6mre Lackfi J\u00e1nos \u00e9s Ny\u00e1ry Kriszti\u00e1n mellett \u00e9n is v\u00e1laszthattam kedvenc \u00e9telt az \u00e9tlapra. Aki k\u00f6veti az oldalaimat (f\u0151leg az inst\u00e1mat, ahol mindig posztolok \u00e9teleket) sejtheti, hogy mennyire<\/p>\n","protected":false},"author":2,"featured_media":2058,"comment_status":"open","ping_status":"open","sticky":false,"template":"","format":"standard","meta":{"_jetpack_memberships_contains_paid_content":false,"footnotes":""},"categories":[13],"tags":[],"class_list":["post-2052","post","type-post","status-publish","format-standard","has-post-thumbnail","hentry","category-blogbejegyzes"],"jetpack_featured_media_url":"https:\/\/www.leinerlaura.hu\/wp-content\/uploads\/2024\/06\/8AB1F85B-ACD5-4097-AD7E-3D8971E61D91.jpeg","jetpack_sharing_enabled":true,"_links":{"self":[{"href":"https:\/\/www.leinerlaura.hu\/index.php\/wp-json\/wp\/v2\/posts\/2052","targetHints":{"allow":["GET"]}}],"collection":[{"href":"https:\/\/www.leinerlaura.hu\/index.php\/wp-json\/wp\/v2\/posts"}],"about":[{"href":"https:\/\/www.leinerlaura.hu\/index.php\/wp-json\/wp\/v2\/types\/post"}],"author":[{"embeddable":true,"href":"https:\/\/www.leinerlaura.hu\/index.php\/wp-json\/wp\/v2\/users\/2"}],"replies":[{"embeddable":true,"href":"https:\/\/www.leinerlaura.hu\/index.php\/wp-json\/wp\/v2\/comments?post=2052"}],"version-history":[{"count":9,"href":"https:\/\/www.leinerlaura.hu\/index.php\/wp-json\/wp\/v2\/posts\/2052\/revisions"}],"predecessor-version":[{"id":2074,"href":"https:\/\/www.leinerlaura.hu\/index.php\/wp-json\/wp\/v2\/posts\/2052\/revisions\/2074"}],"wp:featuredmedia":[{"embeddable":true,"href":"https:\/\/www.leinerlaura.hu\/index.php\/wp-json\/wp\/v2\/media\/2058"}],"wp:attachment":[{"href":"https:\/\/www.leinerlaura.hu\/index.php\/wp-json\/wp\/v2\/media?parent=2052"}],"wp:term":[{"taxonomy":"category","embeddable":true,"href":"https:\/\/www.leinerlaura.hu\/index.php\/wp-json\/wp\/v2\/categories?post=2052"},{"taxonomy":"post_tag","embeddable":true,"href":"https:\/\/www.leinerlaura.hu\/index.php\/wp-json\/wp\/v2\/tags?post=2052"}],"curies":[{"name":"wp","href":"https:\/\/api.w.org\/{rel}","templated":true}]}}