{"id":2209,"date":"2024-08-22T13:46:39","date_gmt":"2024-08-22T11:46:39","guid":{"rendered":"https:\/\/www.leinerlaura.hu\/?p=2209"},"modified":"2024-08-22T13:58:47","modified_gmt":"2024-08-22T11:58:47","slug":"mindig-tortenik-valami-a-deakban-elorendelesi-infok","status":"publish","type":"post","link":"https:\/\/www.leinerlaura.hu\/index.php\/2024\/08\/22\/mindig-tortenik-valami-a-deakban-elorendelesi-infok\/","title":{"rendered":"Mindig t\u00f6rt\u00e9nik VALAMI a De\u00e1kban &#8211; el\u0151rendel\u00e9si inf\u00f3k"},"content":{"rendered":"\n<p>Augusztus 26-t\u00f3l mindenhol el\u0151rendelhet\u0151 a Mindig t\u00f6rt\u00e9nik VALAMI a De\u00e1kban, az L&amp;L k\u00f6nyvesbolt webshopj\u00e1n pedig <strong>a k\u00e9szlet erej\u00e9ig al\u00e1\u00edrtan<\/strong> lesz lehet\u0151s\u00e9g megrendelni a k\u00f6tetet. <em>Nagyon fontos, hogy al\u00e1\u00edrt p\u00e9ld\u00e1nyt KIZ\u00c1R\u00d3LAG az L&amp;L k\u00f6nyvesbolt oldal\u00e1r\u00f3l lehet rendelni, a m\u00e1shol el\u0151rerendelt k\u00f6nyv nem al\u00e1\u00edrt.<\/em> <\/p>\n\n\n\n<p>A k\u00f6nyvr\u0151l b\u0151vebben <a href=\"https:\/\/www.leinerlaura.hu\/index.php\/2024\/08\/16\/mindig-tortenik-valami-a-deakban-teljes-borito-es-gyik\/\" target=\"_blank\" rel=\"noreferrer noopener\">EBBEN<\/a> a bejegyz\u00e9sben lehet olvasni.<\/p>\n\n\n\n<p>N\u00e9h\u00e1ny inf\u00f3 az L&amp;L el\u0151rendel\u00e9ssel kapcsolatban:<\/p>\n\n\n\n<p>Az L&amp;L k\u00f6nyvesbolt oldal\u00e1n az el\u0151rendel\u00e9s (m\u00e1r-m\u00e1r tradicion\u00e1lisan) \u00e9jf\u00e9lkor indul, \u00edgy augusztus 26-\u00e1n 0:00-kor el\u00e9rhet\u0151v\u00e9 v\u00e1lik (az \u00e9jszakai els\u0151 el\u0151rendel\u0151kkel tal\u00e1lkozunk \u00e9jf\u00e9lkor az L&amp;L webshopon \ud83d\ude42 )<\/p>\n\n\n\n<p>Az <a href=\"https:\/\/www.llkonyvesbolt.hu\/\">L&amp;L k\u00f6nyvesbolt<\/a> oldal\u00e1n a Mindig t\u00f6rt\u00e9nik VALAMI a De\u00e1kban <strong>al\u00e1\u00edrtan lesz el\u0151rendelhet\u0151, \u00e9s valamennyi p\u00e9ld\u00e1nyhoz j\u00e1r egy k\u00f6nyvjelz\u0151k\u00e9nt is haszn\u00e1lhat\u00f3 k\u00e9toldalas k\u00e1rtya.<\/strong>&nbsp;<\/p>\n\n\n\n<figure class=\"wp-block-image size-full is-resized\"><img fetchpriority=\"high\" decoding=\"async\" width=\"1158\" height=\"1158\" src=\"https:\/\/www.leinerlaura.hu\/wp-content\/uploads\/2024\/08\/0382B59F-E655-4AFB-8198-83924C0C7496.jpeg\" alt=\"\" class=\"wp-image-2216\" style=\"width:418px;height:auto\" srcset=\"https:\/\/www.leinerlaura.hu\/wp-content\/uploads\/2024\/08\/0382B59F-E655-4AFB-8198-83924C0C7496.jpeg 1158w, https:\/\/www.leinerlaura.hu\/wp-content\/uploads\/2024\/08\/0382B59F-E655-4AFB-8198-83924C0C7496-160x160.jpeg 160w, https:\/\/www.leinerlaura.hu\/wp-content\/uploads\/2024\/08\/0382B59F-E655-4AFB-8198-83924C0C7496-768x768.jpeg 768w, https:\/\/www.leinerlaura.hu\/wp-content\/uploads\/2024\/08\/0382B59F-E655-4AFB-8198-83924C0C7496-585x585.jpeg 585w\" sizes=\"(max-width: 1158px) 100vw, 1158px\" \/><figcaption class=\"wp-element-caption\"><em>A k\u00e9p illusztr\u00e1ci\u00f3<\/em><\/figcaption><\/figure>\n\n\n\n<p>Az al\u00e1\u00edr\u00e1s \u00e9s a k\u00f6nyvjelz\u0151 minden L&amp;L-t\u0151l el\u0151rendelt Mindig t\u00f6rt\u00e9nik VALAMI a De\u00e1kban k\u00f6tethez j\u00e1r (t\u00f6bb darab rendel\u00e9se eset\u00e9n is mindegyikhez).<\/p>\n\n\n\n<p><strong>Az al\u00e1\u00edr\u00e1s nem n\u00e9vre sz\u00f3l\u00f3.<\/strong> Sajnos el\u0151rendel\u00e9skor ezt nem tudjuk megoldani.<\/p>\n\n\n\n<p>Az L&amp;L oldal\u00e1n egy rendel\u00e9sen bel\u00fcl maximum 4 darab Mindig t\u00f6rt\u00e9nik VALAMI a De\u00e1kban p\u00e9ld\u00e1ny adhat\u00f3 le. <\/p>\n\n\n\n<p><strong>Az el\u0151rendel\u00e9s augusztus 26-\u00e1n elindul, a k\u00f6nyv azonban csak az L&amp;L k\u00f6nyvesbolt megjelen\u00e9skor, okt\u00f3ber 7-\u00e9n ker\u00fcl kisz\u00e1ll\u00edt\u00e1sra.<\/strong><\/p>\n\n\n\n<p>A rendel\u00e9sek v\u00e1laszthat\u00f3k h\u00e1zhozsz\u00e1ll\u00edt\u00e1ssal, vagy k\u00e9rhet\u0151k csomagpontba\/csomagautomat\u00e1ba is. A sz\u00e1ll\u00edt\u00e1s \u00e1ra a fut\u00e1rszolg\u00e1lat \u00e1ltal meghat\u00e1rozott d\u00edj, ami a k\u00f6nyvesbolt oldal\u00e1n megtal\u00e1lhat\u00f3. Szem\u00e9lyes \u00e1tv\u00e9telre sajnos nincs lehet\u0151s\u00e9g a k\u00f6nyvesboltban, ennek oka, hogy webshop el\u0151rendel\u00e9sek al\u00e1\u00edr\u00e1sa \u00e9s csomagol\u00e1sa m\u00e1s helysz\u00ednen t\u00f6rt\u00e9nik, \u00edgy azok a p\u00e9ld\u00e1nyok nem jutnak el a k\u00f6nyvesboltba, hanem r\u00f6gt\u00f6n felad\u00e1sra ker\u00fclnek. <\/p>\n\n\n\n<p>Az L&amp;L k\u00f6nyvesbolt el\u0151rendel\u00e9sek v\u00e1rhat\u00f3an 2024.10.07-\u00e9n meg\u00e9rkeznek, err\u0151l a fut\u00e1rc\u00e9g fog \u00e9rtes\u00edt\u00e9st k\u00fcldeni a sz\u00e1ll\u00edt\u00e1s el\u0151tti napokban. Nagyon fontos, hogy&nbsp;<strong>a rendel\u00e9s lead\u00e1sakor helyesen legyen kit\u00f6ltve a n\u00e9v, c\u00edm, telefonsz\u00e1m, \u00e9s email c\u00edm<\/strong>, mert a fut\u00e1rc\u00e9g ez alapj\u00e1n k\u00fcldi az \u00e9rtes\u00edt\u00e9st, \u00e9s sz\u00e1ll\u00edtja ki a csomagot. <\/p>\n\n\n\n<p>Az L&amp;L k\u00f6nyvesbolt el\u0151rendel\u00e9sek leadhat\u00f3k k\u00fclf\u00f6ldi h\u00e1zhozsz\u00e1ll\u00edt\u00e1ssal is, aminek d\u00edj\u00e1t a fut\u00e1rc\u00e9g hat\u00e1rozza meg. Err\u0151l a <a href=\"https:\/\/www.llkonyvesbolt.hu\/szallitas\" target=\"_blank\" rel=\"noreferrer noopener\">k\u00f6nyvesbolt oldal\u00e1n<\/a> lehet b\u0151vebben t\u00e1j\u00e9koz\u00f3dni. K\u00fclf\u00f6ldi sz\u00e1ll\u00edt\u00e1s eset\u00e9n kiz\u00e1r\u00f3lag bankk\u00e1rty\u00e1s fizet\u00e9sre van lehet\u0151s\u00e9g.<\/p>\n\n\n\n<p>Az el\u0151rendel\u00e9s ideje alatt minden m\u00e1s reg\u00e9nyem (k\u00f6zt\u00fck a kiz\u00e1r\u00f3lag L&amp;L k\u00f6nyvesboltban kaphat\u00f3&nbsp;Random, K\u00f6zhelyek \u00e9s Remek\/Ez is remek) is rendelhet\u0151 a webshopr\u00f3l, azonban ezek a k\u00f6nyvek NEM al\u00e1\u00edrtan ker\u00fclnek felad\u00e1sra, csak a Mindig t\u00f6rt\u00e9nik VALAMI a De\u00e1kban p\u00e9ld\u00e1nyok.<\/p>\n\n\n\n<p>Az L&amp;L k\u00f6nyvesboltban a hivatalos megjelen\u00e9s el\u0151tti napon, a kisz\u00e1ll\u00edt\u00e1ssal egy id\u0151ben, okt\u00f3ber 7-\u00e9n m\u00e1r szem\u00e9lyesen is megv\u00e1s\u00e1rolhat\u00f3 lesz a Mindig t\u00f6rt\u00e9nik VALAMI a De\u00e1kban, azonban a k\u00f6nyvesboltban nem al\u00e1\u00edrtan, az csak az el\u0151rendel\u00e9sekre vonatkozik.<\/p>\n\n\n\n<p>Augusztus 26-\u00e1n mindenhol indul az el\u0151rendel\u00e9s (az L&amp;L k\u00f6nyvesboltt\u00f3l al\u00e1\u00edrtan), okt\u00f3berben pedig \u00e9rkezik a k\u00f6nyv! <\/p>\n\n\n\n<p><div><strong style=\"box-sizing: border-box; margin: 0px; padding: 0px; border: 0px; font-family: inherit; font-size: inherit; font-style: inherit; font-variant-caps: inherit; font-stretch: inherit; line-height: inherit; vertical-align: baseline; -webkit-font-smoothing: antialiased;\"><\/strong><\/div><\/p>\n","protected":false},"excerpt":{"rendered":"<p>Augusztus 26-t\u00f3l mindenhol el\u0151rendelhet\u0151 a Mindig t\u00f6rt\u00e9nik VALAMI a De\u00e1kban, az L&amp;L k\u00f6nyvesbolt webshopj\u00e1n pedig a k\u00e9szlet erej\u00e9ig al\u00e1\u00edrtan lesz lehet\u0151s\u00e9g megrendelni a k\u00f6tetet. Nagyon fontos, hogy al\u00e1\u00edrt p\u00e9ld\u00e1nyt KIZ\u00c1R\u00d3LAG az L&amp;L k\u00f6nyvesbolt oldal\u00e1r\u00f3l lehet rendelni, a m\u00e1shol el\u0151rerendelt k\u00f6nyv nem al\u00e1\u00edrt. A k\u00f6nyvr\u0151l b\u0151vebben EBBEN a bejegyz\u00e9sben lehet olvasni. N\u00e9h\u00e1ny inf\u00f3 az L&amp;L el\u0151rendel\u00e9ssel<\/p>\n","protected":false},"author":2,"featured_media":2217,"comment_status":"open","ping_status":"open","sticky":false,"template":"","format":"standard","meta":{"_jetpack_memberships_contains_paid_content":false,"footnotes":""},"categories":[13],"tags":[18,38],"class_list":["post-2209","post","type-post","status-publish","format-standard","has-post-thumbnail","hentry","category-blogbejegyzes","tag-ll-konyvesbolt","tag-mindig-tortenik-valami-a-deakban"],"jetpack_featured_media_url":"https:\/\/www.leinerlaura.hu\/wp-content\/uploads\/2024\/08\/AEE143E0-0C34-4857-898D-91F165B08BCA.png","jetpack_sharing_enabled":true,"_links":{"self":[{"href":"https:\/\/www.leinerlaura.hu\/index.php\/wp-json\/wp\/v2\/posts\/2209","targetHints":{"allow":["GET"]}}],"collection":[{"href":"https:\/\/www.leinerlaura.hu\/index.php\/wp-json\/wp\/v2\/posts"}],"about":[{"href":"https:\/\/www.leinerlaura.hu\/index.php\/wp-json\/wp\/v2\/types\/post"}],"author":[{"embeddable":true,"href":"https:\/\/www.leinerlaura.hu\/index.php\/wp-json\/wp\/v2\/users\/2"}],"replies":[{"embeddable":true,"href":"https:\/\/www.leinerlaura.hu\/index.php\/wp-json\/wp\/v2\/comments?post=2209"}],"version-history":[{"count":8,"href":"https:\/\/www.leinerlaura.hu\/index.php\/wp-json\/wp\/v2\/posts\/2209\/revisions"}],"predecessor-version":[{"id":2225,"href":"https:\/\/www.leinerlaura.hu\/index.php\/wp-json\/wp\/v2\/posts\/2209\/revisions\/2225"}],"wp:featuredmedia":[{"embeddable":true,"href":"https:\/\/www.leinerlaura.hu\/index.php\/wp-json\/wp\/v2\/media\/2217"}],"wp:attachment":[{"href":"https:\/\/www.leinerlaura.hu\/index.php\/wp-json\/wp\/v2\/media?parent=2209"}],"wp:term":[{"taxonomy":"category","embeddable":true,"href":"https:\/\/www.leinerlaura.hu\/index.php\/wp-json\/wp\/v2\/categories?post=2209"},{"taxonomy":"post_tag","embeddable":true,"href":"https:\/\/www.leinerlaura.hu\/index.php\/wp-json\/wp\/v2\/tags?post=2209"}],"curies":[{"name":"wp","href":"https:\/\/api.w.org\/{rel}","templated":true}]}}