{"id":2234,"date":"2024-08-28T09:49:09","date_gmt":"2024-08-28T07:49:09","guid":{"rendered":"https:\/\/www.leinerlaura.hu\/?p=2234"},"modified":"2024-09-03T17:10:33","modified_gmt":"2024-09-03T15:10:33","slug":"elindult-a-mindig-tortenik-valami-a-deakban-elorendeles","status":"publish","type":"post","link":"https:\/\/www.leinerlaura.hu\/index.php\/2024\/08\/28\/elindult-a-mindig-tortenik-valami-a-deakban-elorendeles\/","title":{"rendered":"Elindult a Mindig t\u00f6rt\u00e9nik VALAMI a De\u00e1kban el\u0151rendel\u00e9s"},"content":{"rendered":"\n<p>H\u00e9tf\u0151n elindult a Mindig t\u00f6rt\u00e9nik VALAMI a De\u00e1kban el\u0151rendel\u00e9s, az <a style=\"color: #000000;\" href=\"https:\/\/www.llkonyvesbolt.hu\/\">L&amp;L k\u00f6nyvesbolt<\/a> oldal\u00e1n pedig rekordid\u0151 alatt, mind\u00f6ssze k\u00e9t nap eltelt\u00e9vel elfogyott az \u00f6sszes al\u00e1\u00edrt, aj\u00e1nd\u00e9k k\u00e1rty\u00e1s p\u00e9ld\u00e1ny. Szeretn\u00e9m \u0151szint\u00e9n megk\u00f6sz\u00f6nni a hatalmas \u00e9rdekl\u0151d\u00e9st, \u00e9s azt, hogy vas\u00e1rnap \u00e9jf\u00e9lkor ennyire nagyon sokan v\u00e1rt\u00e1k vel\u00fcnk az el\u0151rendel\u00e9s indul\u00e1s\u00e1t! \ud83d\ude42<\/p>\n\n\n\n<p><a href=\"https:\/\/www.libri.hu\/konyv\/leiner_laura.mindig-tortenik-valami-a-deakban.html\" target=\"_blank\" rel=\"noreferrer noopener\">Libri<\/a><\/p>\n\n\n\n<p><a href=\"https:\/\/www.lira.hu\/hu\/konyv\/szepirodalom\/ifjusagi-irodalom\/regenyek\/mindig-tortenik-valami-a-deakban\" target=\"_blank\" rel=\"noreferrer noopener\">L\u00edra<\/a><\/p>\n\n\n\n<p><a href=\"https:\/\/bookline.hu\/product\/home.action?_v=Leiner_Laura_Mindig_tortenik_VALAMI_a_D&amp;type=22&amp;id=349525\" target=\"_blank\" rel=\"noreferrer noopener\">Bookline<\/a> &#8211; <strong><em>k\u00fclf\u00f6ldi sz\u00e1ll\u00edt\u00e1s is<\/em><\/strong><\/p>\n\n\n\n<p><a href=\"https:\/\/www.konyvtunder.hu\/konyv\/ifjusagi-konyvek\/leiner-laura\/mindig-tortenik-valami-a-deakban\/?fbclid=PAZXh0bgNhZW0CMTEAAaa_Aryn7t8igCGOu4w9nS1qJquatCQhgEDbKupOv8irJMnfKG3iV3s4LUU_aem_MHCQpm8ZMPbYs1_M1hPa6Q\" target=\"_blank\" rel=\"noreferrer noopener\">K\u00f6nyvt\u00fcnd\u00e9r<\/a><\/p>\n\n\n\n<p><a href=\"https:\/\/moobius.hu\/konyv\/gyermek-es-ifjusagi-konyvek\/ifjusagi-irodalom\/leiner-laura\/mindig-tortenik-valami-a-deakban\" target=\"_blank\" rel=\"noreferrer noopener\">Moobius<\/a><\/p>\n\n\n\n<p><a href=\"https:\/\/www.llkonyvesbolt.hu\/Leiner-Laura-Mindig-tortenik-VALAMI-a-Deakban\" target=\"_blank\" rel=\"noreferrer noopener\">L&amp;L k\u00f6nyvesbolt <\/a> &#8211; <strong><em>al\u00e1\u00edrt p\u00e9ld\u00e1ny, ELFOGYOTT<\/em><\/strong> <em>(el\u0151fordulhat, hogy lemond\u00e1s, vagy t\u00e9ves rendel\u00e9s eset\u00e9n visszaker\u00fcl 1-1 k\u00f6tet, \u00e9rdemes id\u0151nk\u00e9nt r\u00e1n\u00e9zni)<\/em><\/p>\n\n\n\n<p>Az el\u0151rendel\u00e9sek a hivatalos megjelen\u00e9s ut\u00e1n, okt\u00f3ber 8-t\u00f3l v\u00e1rhat\u00f3k.<\/p>\n\n\n\n<p>(kiv\u00e9tel ez al\u00f3l az L&amp;L k\u00f6nyvesbolt, ami a hivatalos megjelen\u00e9s el\u0151tt egy nappal, okt\u00f3ber 7-\u00e9n kisz\u00e1ll\u00edtja a k\u00f6nyveket.)<\/p>\n","protected":false},"excerpt":{"rendered":"<p>H\u00e9tf\u0151n elindult a Mindig t\u00f6rt\u00e9nik VALAMI a De\u00e1kban el\u0151rendel\u00e9s, az L&amp;L k\u00f6nyvesbolt oldal\u00e1n pedig rekordid\u0151 alatt, mind\u00f6ssze k\u00e9t nap eltelt\u00e9vel elfogyott az \u00f6sszes al\u00e1\u00edrt, aj\u00e1nd\u00e9k k\u00e1rty\u00e1s p\u00e9ld\u00e1ny. Szeretn\u00e9m \u0151szint\u00e9n megk\u00f6sz\u00f6nni a hatalmas \u00e9rdekl\u0151d\u00e9st, \u00e9s azt, hogy vas\u00e1rnap \u00e9jf\u00e9lkor ennyire nagyon sokan v\u00e1rt\u00e1k vel\u00fcnk az el\u0151rendel\u00e9s indul\u00e1s\u00e1t! \ud83d\ude42 Libri L\u00edra Bookline &#8211; k\u00fclf\u00f6ldi sz\u00e1ll\u00edt\u00e1s is K\u00f6nyvt\u00fcnd\u00e9r<\/p>\n","protected":false},"author":2,"featured_media":2235,"comment_status":"open","ping_status":"open","sticky":false,"template":"","format":"standard","meta":{"_jetpack_memberships_contains_paid_content":false,"footnotes":""},"categories":[13],"tags":[38],"class_list":["post-2234","post","type-post","status-publish","format-standard","has-post-thumbnail","hentry","category-blogbejegyzes","tag-mindig-tortenik-valami-a-deakban"],"jetpack_featured_media_url":"https:\/\/www.leinerlaura.hu\/wp-content\/uploads\/2024\/08\/1FBFC85E-88BB-4530-B5CF-D4444ECCED28.jpeg","jetpack_sharing_enabled":true,"_links":{"self":[{"href":"https:\/\/www.leinerlaura.hu\/index.php\/wp-json\/wp\/v2\/posts\/2234","targetHints":{"allow":["GET"]}}],"collection":[{"href":"https:\/\/www.leinerlaura.hu\/index.php\/wp-json\/wp\/v2\/posts"}],"about":[{"href":"https:\/\/www.leinerlaura.hu\/index.php\/wp-json\/wp\/v2\/types\/post"}],"author":[{"embeddable":true,"href":"https:\/\/www.leinerlaura.hu\/index.php\/wp-json\/wp\/v2\/users\/2"}],"replies":[{"embeddable":true,"href":"https:\/\/www.leinerlaura.hu\/index.php\/wp-json\/wp\/v2\/comments?post=2234"}],"version-history":[{"count":8,"href":"https:\/\/www.leinerlaura.hu\/index.php\/wp-json\/wp\/v2\/posts\/2234\/revisions"}],"predecessor-version":[{"id":2248,"href":"https:\/\/www.leinerlaura.hu\/index.php\/wp-json\/wp\/v2\/posts\/2234\/revisions\/2248"}],"wp:featuredmedia":[{"embeddable":true,"href":"https:\/\/www.leinerlaura.hu\/index.php\/wp-json\/wp\/v2\/media\/2235"}],"wp:attachment":[{"href":"https:\/\/www.leinerlaura.hu\/index.php\/wp-json\/wp\/v2\/media?parent=2234"}],"wp:term":[{"taxonomy":"category","embeddable":true,"href":"https:\/\/www.leinerlaura.hu\/index.php\/wp-json\/wp\/v2\/categories?post=2234"},{"taxonomy":"post_tag","embeddable":true,"href":"https:\/\/www.leinerlaura.hu\/index.php\/wp-json\/wp\/v2\/tags?post=2234"}],"curies":[{"name":"wp","href":"https:\/\/api.w.org\/{rel}","templated":true}]}}