{"id":2289,"date":"2024-10-08T16:30:34","date_gmt":"2024-10-08T14:30:34","guid":{"rendered":"https:\/\/www.leinerlaura.hu\/?p=2289"},"modified":"2024-11-09T09:16:06","modified_gmt":"2024-11-09T08:16:06","slug":"megjelent-a-mindig-tortenik-valami-a-deakban-konyv-es-ekonyv","status":"publish","type":"post","link":"https:\/\/www.leinerlaura.hu\/index.php\/2024\/10\/08\/megjelent-a-mindig-tortenik-valami-a-deakban-konyv-es-ekonyv\/","title":{"rendered":"Megjelent a Mindig t\u00f6rt\u00e9nik VALAMI a De\u00e1kban k\u00f6nyv \u00e9s ek\u00f6nyv"},"content":{"rendered":"\n<p>A mai napt\u00f3l mindenhol kaphat\u00f3 a Mindig t\u00f6rt\u00e9nik VALAMI a De\u00e1kban, \u00e9s megv\u00e1s\u00e1rolhat\u00f3 az ek\u00f6nyv is. <\/p>\n\n\n\n<figure class=\"wp-block-image size-full is-resized\"><img fetchpriority=\"high\" decoding=\"async\" width=\"1920\" height=\"1440\" src=\"https:\/\/www.leinerlaura.hu\/wp-content\/uploads\/2024\/10\/21E870F0-8209-4517-81E6-1F335ECFEAF3.jpeg\" alt=\"\" class=\"wp-image-2295\" style=\"width:764px;height:auto\" srcset=\"https:\/\/www.leinerlaura.hu\/wp-content\/uploads\/2024\/10\/21E870F0-8209-4517-81E6-1F335ECFEAF3.jpeg 1920w, https:\/\/www.leinerlaura.hu\/wp-content\/uploads\/2024\/10\/21E870F0-8209-4517-81E6-1F335ECFEAF3-768x576.jpeg 768w, https:\/\/www.leinerlaura.hu\/wp-content\/uploads\/2024\/10\/21E870F0-8209-4517-81E6-1F335ECFEAF3-1536x1152.jpeg 1536w, https:\/\/www.leinerlaura.hu\/wp-content\/uploads\/2024\/10\/21E870F0-8209-4517-81E6-1F335ECFEAF3-585x439.jpeg 585w\" sizes=\"(max-width: 1920px) 100vw, 1920px\" \/><\/figure>\n\n\n\n<p>K\u00f6nyvrendel\u00e9s:<\/p>\n\n\n\n<p><a href=\"https:\/\/www.llkonyvesbolt.hu\/Leiner-Laura-Mindig-tortenik-VALAMI-a-Deakban\" target=\"_blank\" rel=\"noreferrer noopener\">L&amp;L k\u00f6nyvesbolt<\/a><\/p>\n\n\n\n<p><a href=\"https:\/\/www.lira.hu\/hu\/konyv\/szepirodalom\/ifjusagi-irodalom\/regenyek\/mindig-tortenik-valami-a-deakban\" target=\"_blank\" rel=\"noreferrer noopener\">L\u00edra<\/a><\/p>\n\n\n\n<p><a href=\"https:\/\/www.libri.hu\/konyv\/leiner_laura.mindig-tortenik-valami-a-deakban.html\" target=\"_blank\" rel=\"noreferrer noopener\">Libri<\/a><\/p>\n\n\n\n<p><a href=\"https:\/\/bookline.hu\/product\/home.action?_v=Leiner_Laura_Mindig_tortenik_VALAMI_a_D&amp;type=22&amp;id=349525\" target=\"_blank\" rel=\"noreferrer noopener\">Bookline<\/a><\/p>\n\n\n\n<figure class=\"wp-block-image size-large is-resized\"><a href=\"https:\/\/www.llkonyvesbolt.hu\/\" target=\"_blank\" rel=\"noreferrer noopener\"><img decoding=\"async\" width=\"768\" height=\"730\" src=\"https:\/\/www.leinerlaura.hu\/wp-content\/uploads\/2024\/10\/image-768x730.png\" alt=\"\" class=\"wp-image-2293\" style=\"width:756px;height:auto\"\/><\/a><\/figure>\n\n\n\n<p>Az ek\u00f6nyvek linkjei:<\/p>\n\n\n\n<p><a href=\"https:\/\/www.libri.hu\/konyv\/leiner_laura.mindig-tortenik-valami-a-deakban--1.html\" target=\"_blank\" rel=\"noreferrer noopener\">libri.hu<\/a><\/p>\n\n\n\n<p><a href=\"https:\/\/www.lira.hu\/hu\/ekonyv\/gyermek-es-ifjusagi-1\/_4385932\" target=\"_blank\" rel=\"noreferrer noopener\">lira.hu<\/a><\/p>\n\n\n\n<p><a href=\"https:\/\/www.ekonyv.hu\/ekonyvek\/gyermek-es-ifjusagi\/ya-ifjusagi-regenyek-es-elbeszelesek\/leiner_laura-mindig_tortenik_valami_a_deakban\" target=\"_blank\" rel=\"noreferrer noopener\">ekonyv.hu<\/a><\/p>\n\n\n\n<p><a href=\"https:\/\/dibook.hu\/konyv\/mindig-tortenik-valami-a-deakban\" target=\"_blank\" rel=\"noreferrer noopener\">dibook.hu<\/a><\/p>\n\n\n\n<p><a href=\"https:\/\/books.apple.com\/hu\/book\/mindig-t%C3%B6rt%C3%A9nik-valami-a-de%C3%A1kban\/id6737901038?l=hu\" target=\"_blank\" rel=\"noreferrer noopener\">iBooks<\/a><\/p>\n\n\n\n<p>Mindenkinek nagyon j\u00f3 sz\u00f3rakoz\u00e1st k\u00edv\u00e1nok a k\u00f6nyvh\u00f6z! <\/p>\n\n\n\n\n","protected":false},"excerpt":{"rendered":"<p>A mai napt\u00f3l mindenhol kaphat\u00f3 a Mindig t\u00f6rt\u00e9nik VALAMI a De\u00e1kban, \u00e9s megv\u00e1s\u00e1rolhat\u00f3 az ek\u00f6nyv is. K\u00f6nyvrendel\u00e9s: L&amp;L k\u00f6nyvesbolt L\u00edra Libri Bookline Az ek\u00f6nyvek linkjei: libri.hu lira.hu ekonyv.hu dibook.hu iBooks Mindenkinek nagyon j\u00f3 sz\u00f3rakoz\u00e1st k\u00edv\u00e1nok a k\u00f6nyvh\u00f6z!<\/p>\n","protected":false},"author":2,"featured_media":2291,"comment_status":"open","ping_status":"open","sticky":false,"template":"","format":"standard","meta":{"_jetpack_memberships_contains_paid_content":false,"footnotes":""},"categories":[13],"tags":[38],"class_list":["post-2289","post","type-post","status-publish","format-standard","has-post-thumbnail","hentry","category-blogbejegyzes","tag-mindig-tortenik-valami-a-deakban"],"jetpack_featured_media_url":"https:\/\/www.leinerlaura.hu\/wp-content\/uploads\/2024\/10\/AA7F59DC-466B-4F6A-8F52-D8FC0C90E155.jpeg","jetpack_sharing_enabled":true,"_links":{"self":[{"href":"https:\/\/www.leinerlaura.hu\/index.php\/wp-json\/wp\/v2\/posts\/2289","targetHints":{"allow":["GET"]}}],"collection":[{"href":"https:\/\/www.leinerlaura.hu\/index.php\/wp-json\/wp\/v2\/posts"}],"about":[{"href":"https:\/\/www.leinerlaura.hu\/index.php\/wp-json\/wp\/v2\/types\/post"}],"author":[{"embeddable":true,"href":"https:\/\/www.leinerlaura.hu\/index.php\/wp-json\/wp\/v2\/users\/2"}],"replies":[{"embeddable":true,"href":"https:\/\/www.leinerlaura.hu\/index.php\/wp-json\/wp\/v2\/comments?post=2289"}],"version-history":[{"count":5,"href":"https:\/\/www.leinerlaura.hu\/index.php\/wp-json\/wp\/v2\/posts\/2289\/revisions"}],"predecessor-version":[{"id":2434,"href":"https:\/\/www.leinerlaura.hu\/index.php\/wp-json\/wp\/v2\/posts\/2289\/revisions\/2434"}],"wp:featuredmedia":[{"embeddable":true,"href":"https:\/\/www.leinerlaura.hu\/index.php\/wp-json\/wp\/v2\/media\/2291"}],"wp:attachment":[{"href":"https:\/\/www.leinerlaura.hu\/index.php\/wp-json\/wp\/v2\/media?parent=2289"}],"wp:term":[{"taxonomy":"category","embeddable":true,"href":"https:\/\/www.leinerlaura.hu\/index.php\/wp-json\/wp\/v2\/categories?post=2289"},{"taxonomy":"post_tag","embeddable":true,"href":"https:\/\/www.leinerlaura.hu\/index.php\/wp-json\/wp\/v2\/tags?post=2289"}],"curies":[{"name":"wp","href":"https:\/\/api.w.org\/{rel}","templated":true}]}}