{"id":2319,"date":"2024-10-22T20:01:53","date_gmt":"2024-10-22T18:01:53","guid":{"rendered":"https:\/\/www.leinerlaura.hu\/?p=2319"},"modified":"2024-10-23T08:25:30","modified_gmt":"2024-10-23T06:25:30","slug":"kerdesek-es-valaszok-3","status":"publish","type":"post","link":"https:\/\/www.leinerlaura.hu\/index.php\/2024\/10\/22\/kerdesek-es-valaszok-3\/","title":{"rendered":"K\u00e9rd\u00e9sek \u00e9s v\u00e1laszok | 3"},"content":{"rendered":"\n<p>K\u00e9t hete jelent meg a Mindig t\u00f6rt\u00e9nik VALAMI a De\u00e1kban, az <a href=\"https:\/\/www.instagram.com\/leinerlauraofficial\/\" target=\"_blank\" rel=\"noreferrer noopener\">Inst\u00e1mr\u00f3l<\/a> pedig hoztam bejegyz\u00e9snek egy k\u00e9rdezz-felelek sztorim leg\u00e9rdekesebb\/legaktu\u00e1lisabb k\u00e9rd\u00e9seit, \u00e9s a v\u00e1laszokat. \ud83d\ude42 Ahol a SPOILER felirat szerepel, \u00e9s valaki nem szeretne tudni r\u00f3la, ott ugorjon egyet nyugodtan, azt a r\u00e9szt ne olvassa el.  <\/p>\n\n\n\n<figure class=\"wp-block-image size-full is-resized\"><img fetchpriority=\"high\" decoding=\"async\" width=\"1170\" height=\"2017\" src=\"https:\/\/www.leinerlaura.hu\/wp-content\/uploads\/2024\/10\/A0535202-1F7B-4A3E-8901-B2A18F6E1450.jpeg\" alt=\"\" class=\"wp-image-2320\" style=\"width:543px;height:auto\" srcset=\"https:\/\/www.leinerlaura.hu\/wp-content\/uploads\/2024\/10\/A0535202-1F7B-4A3E-8901-B2A18F6E1450.jpeg 1170w, https:\/\/www.leinerlaura.hu\/wp-content\/uploads\/2024\/10\/A0535202-1F7B-4A3E-8901-B2A18F6E1450-768x1324.jpeg 768w, https:\/\/www.leinerlaura.hu\/wp-content\/uploads\/2024\/10\/A0535202-1F7B-4A3E-8901-B2A18F6E1450-891x1536.jpeg 891w, https:\/\/www.leinerlaura.hu\/wp-content\/uploads\/2024\/10\/A0535202-1F7B-4A3E-8901-B2A18F6E1450-585x1009.jpeg 585w\" sizes=\"(max-width: 1170px) 100vw, 1170px\" \/><\/figure>\n\n\n\n<figure class=\"wp-block-image size-full is-resized\"><img decoding=\"async\" width=\"594\" height=\"552\" src=\"https:\/\/www.leinerlaura.hu\/wp-content\/uploads\/2024\/10\/BEFFDD36-D746-493A-98F1-126C5BBFEB0B.jpeg\" alt=\"\" class=\"wp-image-2321\" style=\"width:280px;height:auto\" srcset=\"https:\/\/www.leinerlaura.hu\/wp-content\/uploads\/2024\/10\/BEFFDD36-D746-493A-98F1-126C5BBFEB0B.jpeg 594w, https:\/\/www.leinerlaura.hu\/wp-content\/uploads\/2024\/10\/BEFFDD36-D746-493A-98F1-126C5BBFEB0B-585x544.jpeg 585w\" sizes=\"(max-width: 594px) 100vw, 594px\" \/><\/figure>\n\n\n\n<p>K\u00f6sz\u00f6n\u00f6m sz\u00e9pen, egy kicsit intenz\u00edv volt az elm\u00falt k\u00e9t h\u00e9t, volt benne minden (a megjelen\u00e9st\u0151l az utaz\u00e1son \u00e1t a covidig) de \u00f6sszess\u00e9g\u00e9ben j\u00f3l vagyok, \u00e9s nagyon-nagyon boldog a k\u00f6nyv fogadtat\u00e1sa miatt.<\/p>\n\n\n\n<figure class=\"wp-block-image size-full is-resized\"><img decoding=\"async\" width=\"584\" height=\"558\" src=\"https:\/\/www.leinerlaura.hu\/wp-content\/uploads\/2024\/10\/EE9FB647-198F-4637-B9EB-FDE5FBFCD963.jpeg\" alt=\"\" class=\"wp-image-2323\" style=\"width:286px;height:auto\"\/><\/figure>\n\n\n\n<p>Azt hiszem, legink\u00e1bb azt, hogy az olvas\u00f3k megismerj\u00e9k Roni\u00e9kat, \u00e9s azt, hogy mir\u0151l fog sz\u00f3lni ez a sorozatom.<\/p>\n\n\n\n<figure class=\"wp-block-image size-full is-resized\"><img loading=\"lazy\" decoding=\"async\" width=\"604\" height=\"575\" src=\"https:\/\/www.leinerlaura.hu\/wp-content\/uploads\/2024\/10\/A4654216-1310-46C9-9191-98753E6A5AC6.jpeg\" alt=\"\" class=\"wp-image-2324\" style=\"width:291px;height:auto\" srcset=\"https:\/\/www.leinerlaura.hu\/wp-content\/uploads\/2024\/10\/A4654216-1310-46C9-9191-98753E6A5AC6.jpeg 604w, https:\/\/www.leinerlaura.hu\/wp-content\/uploads\/2024\/10\/A4654216-1310-46C9-9191-98753E6A5AC6-585x557.jpeg 585w\" sizes=\"(max-width: 604px) 100vw, 604px\" \/><\/figure>\n\n\n\n<p>K\u00f6sz\u00f6n\u00f6m sz\u00e9pen! Fantasztikus \u00e9rz\u00e9s, f\u0151k\u00e9nt, hogy teljesen \u00faj sorozat els\u0151 r\u00e9sz\u00e9vel h\u00e1rmas sikerlista els\u0151 helyet siker\u00fclt el\u00e9rnie a De\u00e1knak, az els\u0151 h\u00e9ten egyszerre volt Libri, L\u00edra \u00e9s Bookline toplist\u00e1s, ami borzaszt\u00f3an nagy dolog, \u00e9s hihetetlen\u00fcl h\u00e1l\u00e1s vagyok \u00e9rte. Nagyon vicces volt, m\u00falt h\u00e9tf\u0151n, amikor felker\u00fclt az els\u0151 helyre a Librin, nem voltam itthon, vagyis akkor m\u00e1r \u00e9ppen hazafel\u00e9 tartottam, \u00e9s a rept\u00e9rr\u0151l egyenesen a k\u00f6nyvesboltba siett\u00fcnk, hogy megn\u00e9zzem \u00e9s lefot\u00f3zzam. \ud83d\ude00 <a href=\"https:\/\/vm.tiktok.com\/ZGdRM8Ynw\/\" target=\"_blank\" rel=\"noreferrer noopener\">Tiktok vide\u00f3<\/a> r\u00f3la.<\/p>\n\n\n\n<figure class=\"wp-block-image size-full is-resized\"><img loading=\"lazy\" decoding=\"async\" width=\"591\" height=\"538\" src=\"https:\/\/www.leinerlaura.hu\/wp-content\/uploads\/2024\/10\/ABABDE21-4DDC-48CF-BBE9-2EE560D3D7C0.jpeg\" alt=\"\" class=\"wp-image-2325\" style=\"width:302px;height:auto\" srcset=\"https:\/\/www.leinerlaura.hu\/wp-content\/uploads\/2024\/10\/ABABDE21-4DDC-48CF-BBE9-2EE560D3D7C0.jpeg 591w, https:\/\/www.leinerlaura.hu\/wp-content\/uploads\/2024\/10\/ABABDE21-4DDC-48CF-BBE9-2EE560D3D7C0-585x533.jpeg 585w\" sizes=\"(max-width: 591px) 100vw, 591px\" \/><\/figure>\n\n\n\n<p>Legnagyobb \u00f6r\u00f6m\u00f6mre a k\u00e9rd\u00e9sek 70%-ban err\u0151l sz\u00f3ltak. \ud83d\ude42 A Belv\u00e1rosi-De\u00e1k sorozat m\u00e1sodik r\u00e9sze j\u00f6v\u0151 \u00e9v v\u00e9g\u00e9n v\u00e1rhat\u00f3. K\u00f6zben lesz egy kisebb megjelen\u00e9sem, egy egyr\u00e9szes k\u00f6nyvem \u00e9rkezik, de err\u0151l majd az \u00e9v elej\u00e9n hozom a r\u00e9szleteket.<\/p>\n\n\n\n<figure class=\"wp-block-image size-full is-resized\"><img loading=\"lazy\" decoding=\"async\" width=\"578\" height=\"541\" src=\"https:\/\/www.leinerlaura.hu\/wp-content\/uploads\/2024\/10\/10484350-A0E1-45C7-88D8-46BDCF6AEED7.jpeg\" alt=\"\" class=\"wp-image-2326\" style=\"width:303px;height:auto\"\/><\/figure>\n\n\n\n<p>Igen, ez a sorozat Roni\u00e9kr\u00f3l sz\u00f3l, az \u0151 t\u00e1rsas\u00e1gukr\u00f3l, \u00e9s arr\u00f3l, amit csin\u00e1lnak a De\u00e1kban. <\/p>\n\n\n\n<figure class=\"wp-block-image size-full is-resized\"><img loading=\"lazy\" decoding=\"async\" width=\"604\" height=\"559\" src=\"https:\/\/www.leinerlaura.hu\/wp-content\/uploads\/2024\/10\/70668A43-5082-44F1-90E1-E29409B162AA.jpeg\" alt=\"\" class=\"wp-image-2327\" style=\"width:309px;height:auto\" srcset=\"https:\/\/www.leinerlaura.hu\/wp-content\/uploads\/2024\/10\/70668A43-5082-44F1-90E1-E29409B162AA.jpeg 604w, https:\/\/www.leinerlaura.hu\/wp-content\/uploads\/2024\/10\/70668A43-5082-44F1-90E1-E29409B162AA-585x541.jpeg 585w\" sizes=\"(max-width: 604px) 100vw, 604px\" \/><\/figure>\n\n\n\n<p>Szerencs\u00e9re az alapj\u00e1n, hogy nagyon illett hozz\u00e1 \u00e9s a k\u00f6nyvh\u00f6z is. A Twenty One Pilots nekem legal\u00e1bb 6 \u00e9ves v\u00e1r\u00f3list\u00e1mon volt, hogy valamelyik k\u00f6nyvembe bele\u00edrjam a zen\u00e9j\u00fcket, de valahogy semmihez nem passzolt, \u00fagyhogy mindig csak \u00fagy ott volt f\u00fcgg\u0151ben, hogy majd egyszer, azt\u00e1n a De\u00e1kn\u00e1l v\u00e9gre azt \u00e9reztem, hogy ez az, ide j\u00f3 lesz. Eredetileg a Heathens volt a fix, mert tudtam, hogy azt <strong>AHHOZ A JELENETHEZ<\/strong> k\u00e9pzeltem el, de Ronihoz \u00e9s a De\u00e1kos hangulathoz annyira passzolt az eg\u00e9sz TOP diszkogr\u00e1fia, hogy v\u00e9g\u00fcl beleker\u00fclt t\u00f6bb sz\u00e1m is. R\u00e9gi v\u00e1gyam volt, \u00e9s \u00f6r\u00fcl\u00f6k, hogy a visszajelz\u00e9sek alapj\u00e1n az olvas\u00f3knak is nagyon tetszik. Brut\u00e1lis mennyis\u00e9g\u0171 \u00fczenetet kaptam a zen\u00e9vel kapcsolatban.<\/p>\n\n\n\n<figure class=\"wp-block-image size-full is-resized\"><img loading=\"lazy\" decoding=\"async\" width=\"591\" height=\"520\" src=\"https:\/\/www.leinerlaura.hu\/wp-content\/uploads\/2024\/10\/CD39D102-F90A-4ED6-AADC-CE3A2CB4C11F.jpeg\" alt=\"\" class=\"wp-image-2328\" style=\"width:323px;height:auto\" srcset=\"https:\/\/www.leinerlaura.hu\/wp-content\/uploads\/2024\/10\/CD39D102-F90A-4ED6-AADC-CE3A2CB4C11F.jpeg 591w, https:\/\/www.leinerlaura.hu\/wp-content\/uploads\/2024\/10\/CD39D102-F90A-4ED6-AADC-CE3A2CB4C11F-585x515.jpeg 585w\" sizes=\"(max-width: 591px) 100vw, 591px\" \/><\/figure>\n\n\n\n<p>Persze. \ud83d\ude42  A napokban volt az inst\u00e1mon a n\u00e1lam gyakran el\u0151fordul\u00f3 \u201cmutass egy k\u00e9pet\u201d sztori, ahol az olvas\u00f3k k\u00e9rhetnek valamilyen\/b\u00e1rmilyen k\u00e9pet t\u0151lem teljesen randomszer\u0171en. A mostani k\u00e9r\u00e9sek hihetetlen mennyis\u00e9g\u0171 sz\u00e1mban de\u00e1kos, illetve a De\u00e1k szerepl\u0151k aesthetic k\u00e9pk\u00e9r\u00e9sei voltak, \u00edgy a n\u00e9gy f\u0151szerepl\u0151r\u0151l kitettem egy ilyen pinterestes koll\u00e1zst. Sorban: Roni, Barbi, Mirk\u00f3 \u00e9s Benedek. <\/p>\n\n\n\n<figure class=\"wp-block-image size-full is-resized\"><img loading=\"lazy\" decoding=\"async\" width=\"1080\" height=\"1920\" src=\"https:\/\/www.leinerlaura.hu\/wp-content\/uploads\/2024\/10\/E6AC1ED7-B46B-4948-8106-98F4E245D84C.jpeg\" alt=\"\" class=\"wp-image-2329\" style=\"width:467px;height:auto\" srcset=\"https:\/\/www.leinerlaura.hu\/wp-content\/uploads\/2024\/10\/E6AC1ED7-B46B-4948-8106-98F4E245D84C.jpeg 1080w, https:\/\/www.leinerlaura.hu\/wp-content\/uploads\/2024\/10\/E6AC1ED7-B46B-4948-8106-98F4E245D84C-768x1365.jpeg 768w, https:\/\/www.leinerlaura.hu\/wp-content\/uploads\/2024\/10\/E6AC1ED7-B46B-4948-8106-98F4E245D84C-864x1536.jpeg 864w, https:\/\/www.leinerlaura.hu\/wp-content\/uploads\/2024\/10\/E6AC1ED7-B46B-4948-8106-98F4E245D84C-585x1040.jpeg 585w\" sizes=\"(max-width: 1080px) 100vw, 1080px\" \/><\/figure>\n\n\n\n<figure class=\"wp-block-image size-full is-resized\"><img loading=\"lazy\" decoding=\"async\" width=\"583\" height=\"551\" src=\"https:\/\/www.leinerlaura.hu\/wp-content\/uploads\/2024\/10\/786CE366-AA02-463A-B1CC-563215DAE8FC.jpeg\" alt=\"\" class=\"wp-image-2330\" style=\"width:303px;height:auto\"\/><\/figure>\n\n\n\n<p>Teljesen kital\u00e1lt t\u00f6rt\u00e9net. B\u00e1r De\u00e1k suli sok van, (ez egy\u00e9bk\u00e9nt sz\u00e1nd\u00e9kos volt, hogy direkt olyan iskolanevet v\u00e1lasztottam, ami b\u00e1rkinek a sulija lehetne) pont ott \u00e9s pont ilyen, mint amir\u0151l \u00edrok, olyan nincs.  <\/p>\n\n\n\n<figure class=\"wp-block-image size-full is-resized\"><img loading=\"lazy\" decoding=\"async\" width=\"587\" height=\"559\" src=\"https:\/\/www.leinerlaura.hu\/wp-content\/uploads\/2024\/10\/52BC9F41-7F14-4F2A-8B48-9E7589D42087.jpeg\" alt=\"\" class=\"wp-image-2360\" style=\"width:304px;height:auto\" srcset=\"https:\/\/www.leinerlaura.hu\/wp-content\/uploads\/2024\/10\/52BC9F41-7F14-4F2A-8B48-9E7589D42087.jpeg 587w, https:\/\/www.leinerlaura.hu\/wp-content\/uploads\/2024\/10\/52BC9F41-7F14-4F2A-8B48-9E7589D42087-585x557.jpeg 585w\" sizes=\"(max-width: 587px) 100vw, 587px\" \/><\/figure>\n\n\n\n<p>Benedek karakter\u00e9t szinte Roni\u00e9val egy\u00fctt tal\u00e1ltam ki, mindketten r\u00f6gt\u00f6n megvoltak, mint f\u0151szerepl\u0151k. Benedekr\u0151l amit fixen tudtam a kital\u00e1l\u00e1s\u00e1nak pillanat\u00e1ban, hogy szeretn\u00e9m, ha sportolna (\u00edgy j\u00f6tt a k\u00e9zi), hogy van egy l\u00e1ny ikertestv\u00e9re, hogy nagyon-nagyon helyes sr\u00e1c, \u00e9s hogy mi t\u00f6rt\u00e9nt a volt bar\u00e1tn\u0151j\u00e9vel. <\/p>\n\n\n\n<figure class=\"wp-block-image size-full is-resized\"><img loading=\"lazy\" decoding=\"async\" width=\"580\" height=\"535\" src=\"https:\/\/www.leinerlaura.hu\/wp-content\/uploads\/2024\/10\/80B27D7C-4496-4421-8291-F7DB37F7518A.jpeg\" alt=\"\" class=\"wp-image-2331\" style=\"width:307px;height:auto\"\/><\/figure>\n\n\n\n<p>:D. Amikor kital\u00e1ltam a karakter\u00e9t, k\u00e9t dologban biztos voltam. Az egyik, hogy vele az fog t\u00f6rt\u00e9nni, ami t\u00f6rt\u00e9nt (spoiler n\u00e9lk\u00fcl a Bojtor Petis dolog), a m\u00e1sik pedig, hogy Mirk\u00f3 ezer sz\u00e1zal\u00e9k, hogy k\u00e9preg\u00e9ny, vagyis pontosabban Batman \u0151r\u00fclt kell, hogy legyen. \ud83d\ude42<\/p>\n\n\n\n<figure class=\"wp-block-image size-full is-resized\"><img loading=\"lazy\" decoding=\"async\" width=\"587\" height=\"533\" src=\"https:\/\/www.leinerlaura.hu\/wp-content\/uploads\/2024\/10\/56F505CC-1A9A-48DC-BD7F-E7ECFC694314.jpeg\" alt=\"\" class=\"wp-image-2332\" style=\"width:307px;height:auto\" srcset=\"https:\/\/www.leinerlaura.hu\/wp-content\/uploads\/2024\/10\/56F505CC-1A9A-48DC-BD7F-E7ECFC694314.jpeg 587w, https:\/\/www.leinerlaura.hu\/wp-content\/uploads\/2024\/10\/56F505CC-1A9A-48DC-BD7F-E7ECFC694314-585x531.jpeg 585w\" sizes=\"(max-width: 587px) 100vw, 587px\" \/><\/figure>\n\n\n\n<p>Egy nagyon egyszer\u0171, \u00e9s k\u00f6nnyen felismerhet\u0151 jelet szerettem volna. <\/p>\n\n\n\n<figure class=\"wp-block-image size-full is-resized\"><img loading=\"lazy\" decoding=\"async\" width=\"590\" height=\"578\" src=\"https:\/\/www.leinerlaura.hu\/wp-content\/uploads\/2024\/10\/07D93FA8-EFC7-4C99-838B-BCCC2FEF8F4D.jpeg\" alt=\"\" class=\"wp-image-2333\" style=\"width:310px;height:auto\" srcset=\"https:\/\/www.leinerlaura.hu\/wp-content\/uploads\/2024\/10\/07D93FA8-EFC7-4C99-838B-BCCC2FEF8F4D.jpeg 590w, https:\/\/www.leinerlaura.hu\/wp-content\/uploads\/2024\/10\/07D93FA8-EFC7-4C99-838B-BCCC2FEF8F4D-585x573.jpeg 585w\" sizes=\"(max-width: 590px) 100vw, 590px\" \/><\/figure>\n\n\n\n<p>Mind a n\u00e9gy szerepl\u0151t nagyon szeretem, \u00e9s mind a n\u00e9gy\u00fck h\u00e1tt\u00e9rt\u00f6rt\u00e9nete nagyon fontos a t\u00f6rt\u00e9net szempontj\u00e1b\u00f3l. <strong>SPOILER K\u00d6VETKEZIK!!!<\/strong> Roni elv\u00e1lt sz\u00fcl\u0151k gyerekek\u00e9nt az anyuk\u00e1j\u00e1val ketten maradt, \u00e9s a v\u00e1l\u00e1s miatt probl\u00e9m\u00e1s volt a beilleszked\u00e9se, Benedek teljesen elvesz\u00edtette a bizalm\u00e1t, amikor k\u00e9t olyan ember verte \u00e1t, akikben mindenn\u00e9l jobban b\u00edzott, Mirk\u00f3t, f\u00fcggetlen\u00fcl att\u00f3l, hogy humorral pr\u00f3b\u00e1lja pal\u00e1stolni, megfosztott\u00e1k att\u00f3l, ami \u0151t illetn\u00e9. Barbi pedig, b\u00e1r \u00fagy t\u0171nik, neki nincs probl\u00e9m\u00e1ja, \u00f3vatosan elejtve az\u00e9rt m\u00e1r az els\u0151 r\u00e9szben is ott van, hogy a Benedekkel t\u00f6rt\u00e9ntek, \u00e9s az, hogy az a bar\u00e1ti t\u00e1rsas\u00e1g akkor feloszlott, Barbira \u00e9s az \u0151 \u00e9let\u00e9re is hat\u00e1ssal volt, \u00e9s \u0151 is vesz\u00edtett vele. Ezek m\u00e1r az els\u0151 r\u00e9szben kider\u00fclnek a szerepl\u0151kr\u0151l, mik\u00f6zben m\u00e1sokon seg\u00edtenek. S\u0151t, ezek motiv\u00e1lj\u00e1k \u0151ket. <strong>SPOILER V\u00c9GE.<\/strong> \u00dagyhogy mind a n\u00e9gy De\u00e1kos szerepl\u0151 k\u00f6zel \u00e1ll a sz\u00edvemhez, mindenkit ugyanannyira szeretek, viszont mindenkit m\u00e1s\u00e9rt.<\/p>\n\n\n\n<figure class=\"wp-block-image size-full is-resized\"><img loading=\"lazy\" decoding=\"async\" width=\"588\" height=\"536\" src=\"https:\/\/www.leinerlaura.hu\/wp-content\/uploads\/2024\/10\/2D528915-C0CE-4C18-9C4E-39B04ACA90E4.jpeg\" alt=\"\" class=\"wp-image-2334\" style=\"width:316px;height:auto\" srcset=\"https:\/\/www.leinerlaura.hu\/wp-content\/uploads\/2024\/10\/2D528915-C0CE-4C18-9C4E-39B04ACA90E4.jpeg 588w, https:\/\/www.leinerlaura.hu\/wp-content\/uploads\/2024\/10\/2D528915-C0CE-4C18-9C4E-39B04ACA90E4-585x533.jpeg 585w\" sizes=\"(max-width: 588px) 100vw, 588px\" \/><\/figure>\n\n\n\n<p>Belv\u00e1ros. Suli. \u0150sz.<\/p>\n\n\n\n<figure class=\"wp-block-image size-full is-resized\"><img loading=\"lazy\" decoding=\"async\" width=\"593\" height=\"549\" src=\"https:\/\/www.leinerlaura.hu\/wp-content\/uploads\/2024\/10\/309C9559-FE8B-4177-B68E-CCC00D01792F.jpeg\" alt=\"\" class=\"wp-image-2335\" style=\"width:321px;height:auto\" srcset=\"https:\/\/www.leinerlaura.hu\/wp-content\/uploads\/2024\/10\/309C9559-FE8B-4177-B68E-CCC00D01792F.jpeg 593w, https:\/\/www.leinerlaura.hu\/wp-content\/uploads\/2024\/10\/309C9559-FE8B-4177-B68E-CCC00D01792F-585x542.jpeg 585w\" sizes=\"(max-width: 593px) 100vw, 593px\" \/><\/figure>\n\n\n\n<p>Tal\u00e1n az, hogy \u201cm\u00e9g meddig tervezek ifj\u00fas\u00e1gi reg\u00e9nyeket \u00edrni\u201d. Ez az\u00e9rt fura k\u00e9rd\u00e9s, mert az \u00edr\u00e1s nem olyan dolog, ami korhoz k\u00f6t\u00f6tt, egy szerz\u0151 eld\u00f6ntheti, hogy mir\u0151l \u00e9s milyen m\u0171fajban \u00edr, milli\u00f3 \u00e9s milli\u00f3 gyermek \u00e9s ifj\u00fas\u00e1gi \u00edr\u00f3 van a harmincas, negyvenes, \u00f6tvenes, hatvanas, hetvenes, vagy id\u0151sebb koroszt\u00e1lyb\u00f3l. \u00c9n nagyon j\u00f3l \u00e9rzem magam az ifj\u00fas\u00e1giban (is, b\u00e1r aki k\u00f6veti a p\u00e1ly\u00e1mat, tudja, hogy jelennek meg p\u00e1rhuzamosan romkomjaim), szeretek a tizen\u00e9ves koroszt\u00e1lyr\u00f3l \u00edrni, annyi, b\u00e1r ez m\u00e1r ink\u00e1bb h\u00e1tt\u00e9rinf\u00f3, hogy min\u00e9l jobban t\u00e1volodik a koroszt\u00e1ly, amir\u0151l \u00edrok, ann\u00e1l t\u00f6bb \u00e9s alaposabb kutat\u00f3munk\u00e1t \u00e9s felk\u00e9sz\u00fcl\u00e9st ig\u00e9nyel egy-egy k\u00f6tet meg\u00edr\u00e1sa, de mondjuk ez hozz\u00e1tartozik a munk\u00e1mhoz.<\/p>\n\n\n\n<figure class=\"wp-block-image size-full is-resized\"><img loading=\"lazy\" decoding=\"async\" width=\"592\" height=\"542\" src=\"https:\/\/www.leinerlaura.hu\/wp-content\/uploads\/2024\/10\/350FA20A-E7AA-4E99-8A7B-53C22E04C578.jpeg\" alt=\"\" class=\"wp-image-2336\" style=\"width:325px;height:auto\" srcset=\"https:\/\/www.leinerlaura.hu\/wp-content\/uploads\/2024\/10\/350FA20A-E7AA-4E99-8A7B-53C22E04C578.jpeg 592w, https:\/\/www.leinerlaura.hu\/wp-content\/uploads\/2024\/10\/350FA20A-E7AA-4E99-8A7B-53C22E04C578-585x536.jpeg 585w\" sizes=\"(max-width: 592px) 100vw, 592px\" \/><\/figure>\n\n\n\n<p>\ud83d\ude42 Term\u00e9szetesen ez \u00e1ll hozz\u00e1m a legk\u00f6zelebb, egyr\u00e9szt, mert most j\u00f6tt ki friss megjelen\u00e9sk\u00e9nt az els\u0151 r\u00e9sz, amit m\u00e9g h\u00e1rom m\u00e1sik k\u00f6vet majd, m\u00e1sr\u00e9szt pedig, \u00e9n nagyon szeretem a csapatot, a dinamik\u00e1jukat, a t\u00f6rt\u00e9netet, a suli hangulat\u00e1t, \u00e9s f\u0151leg azt, ami az \u00fczenete a k\u00f6nyvnek, hogy MERJ SEG\u00cdTS\u00c9GET K\u00c9RNI. Akkor is, ha \u201cnem nagy dolog, amir\u0151l sz\u00f3 van\u201d. Nincs olyan, hogy nem nagy dolog. <\/p>\n\n\n\n<figure class=\"wp-block-image size-full is-resized\"><img loading=\"lazy\" decoding=\"async\" width=\"596\" height=\"554\" src=\"https:\/\/www.leinerlaura.hu\/wp-content\/uploads\/2024\/10\/A8E58BB4-2712-414B-B3EB-65B6E8653AE0.jpeg\" alt=\"\" class=\"wp-image-2337\" style=\"width:325px;height:auto\" srcset=\"https:\/\/www.leinerlaura.hu\/wp-content\/uploads\/2024\/10\/A8E58BB4-2712-414B-B3EB-65B6E8653AE0.jpeg 596w, https:\/\/www.leinerlaura.hu\/wp-content\/uploads\/2024\/10\/A8E58BB4-2712-414B-B3EB-65B6E8653AE0-585x544.jpeg 585w\" sizes=\"(max-width: 596px) 100vw, 596px\" \/><\/figure>\n\n\n\n<p><strong>SPOILER!!!<\/strong> Ami leges-legel\u0151sz\u00f6r megvolt a De\u00e1k alap\u00f6tlet\u00e9n\u00e9l, az az utols\u00f3 \u00fcgy, a fot\u00f3k visszaszerz\u00e9se. Ez volt az, ami miatt egy\u00e1ltal\u00e1n kital\u00e1ltam a seg\u00edt\u0151-t\u00e1rsas\u00e1g t\u00f6rt\u00e9netet, ez volt az alapja. An\u00e9lk\u00fcl az eset n\u00e9lk\u00fcl nem lenne De\u00e1k-sorozat.<\/p>\n\n\n\n<figure class=\"wp-block-image size-full is-resized\"><img loading=\"lazy\" decoding=\"async\" width=\"604\" height=\"553\" src=\"https:\/\/www.leinerlaura.hu\/wp-content\/uploads\/2024\/10\/5BEEAD5F-1D78-4FA9-BD24-EA1F726D723C.jpeg\" alt=\"\" class=\"wp-image-2338\" style=\"width:324px;height:auto\" srcset=\"https:\/\/www.leinerlaura.hu\/wp-content\/uploads\/2024\/10\/5BEEAD5F-1D78-4FA9-BD24-EA1F726D723C.jpeg 604w, https:\/\/www.leinerlaura.hu\/wp-content\/uploads\/2024\/10\/5BEEAD5F-1D78-4FA9-BD24-EA1F726D723C-585x536.jpeg 585w\" sizes=\"(max-width: 604px) 100vw, 604px\" \/><\/figure>\n\n\n\n<p>\ud83d\ude00 Ok\u00e9, elk\u00e9peszt\u0151, hogy K\u00c9T H\u00c9T ALATT mekkora t\u00e1bora lett Benedeknek az olvas\u00f3k k\u00f6z\u00f6tt. Aminek hihetetlen\u00fcl \u00f6r\u00fcl\u00f6k, mert Benedek nekem is hatalmas kedvencem, \u00e9s nagyon szeretem, f\u0151leg, <strong>SPOILER!!!<\/strong> mert annyira m\u00e1s ezzel az \u00f6sszet\u00f6rt sz\u00edv\u0171 h\u00e1tt\u00e9rsztorival, mint az eddigi fi\u00fa f\u0151szerepl\u0151im. <strong>SPOILER V\u00c9GE<\/strong>. Igaz\u00e1n boldog vagyok, hogy m\u00e1r az els\u0151 r\u00e9sz ut\u00e1n \u00e9rzitek, hogy sok van ebben a fi\u00faban. Mert sok van benne. <\/p>\n\n\n\n<figure class=\"wp-block-image size-full is-resized\"><img loading=\"lazy\" decoding=\"async\" width=\"594\" height=\"546\" src=\"https:\/\/www.leinerlaura.hu\/wp-content\/uploads\/2024\/10\/3F81029C-524C-4685-A710-2B6F487A445A.jpeg\" alt=\"\" class=\"wp-image-2340\" style=\"width:321px;height:auto\" srcset=\"https:\/\/www.leinerlaura.hu\/wp-content\/uploads\/2024\/10\/3F81029C-524C-4685-A710-2B6F487A445A.jpeg 594w, https:\/\/www.leinerlaura.hu\/wp-content\/uploads\/2024\/10\/3F81029C-524C-4685-A710-2B6F487A445A-585x538.jpeg 585w\" sizes=\"(max-width: 594px) 100vw, 594px\" \/><\/figure>\n\n\n\n<p>Azt \u00e9rz\u00e9keltem, hogy az\u00e9rt, mert \u00faj sorozatr\u00f3l van sz\u00f3, nagyobb az \u00e9rdekl\u0151d\u00e9s, \u00e9s b\u00edztam benne, hogy az olvas\u00f3k szeretni fogj\u00e1k a t\u00f6rt\u00e9netet, \u00e9s a szerepl\u0151ket, de arra nem sz\u00e1m\u00edtottam, hogy m\u00e1r az els\u0151 r\u00e9sznek ekkora pozit\u00edv visszhangja lesz, f\u0151k\u00e9nt, mert az\u00e9rt belekalkul\u00e1ltam, hogy alig mondtam el r\u00f3la valamit, \u00edgy sokan nem tudt\u00e1k mire sz\u00e1m\u00edtsanak. Ehhez k\u00e9pest n\u00e1lam elk\u00e9peszt\u0151ek a visszajelz\u00e9sek, k\u00e9t hete \u00f6z\u00f6nlenek az \u00fczenetek, amib\u0151l minden m\u00e1sodik Benedekkel kapcsolatos. :)) <\/p>\n\n\n\n<figure class=\"wp-block-image size-full is-resized\"><img loading=\"lazy\" decoding=\"async\" width=\"591\" height=\"558\" src=\"https:\/\/www.leinerlaura.hu\/wp-content\/uploads\/2024\/10\/A98648B6-570F-4E38-AFC4-FB28A66E3BE9.jpeg\" alt=\"\" class=\"wp-image-2341\" style=\"width:329px;height:auto\" srcset=\"https:\/\/www.leinerlaura.hu\/wp-content\/uploads\/2024\/10\/A98648B6-570F-4E38-AFC4-FB28A66E3BE9.jpeg 591w, https:\/\/www.leinerlaura.hu\/wp-content\/uploads\/2024\/10\/A98648B6-570F-4E38-AFC4-FB28A66E3BE9-585x552.jpeg 585w\" sizes=\"(max-width: 591px) 100vw, 591px\" \/><\/figure>\n\n\n\n<p>Az \u00dcnnepi K\u00f6nyvh\u00e9ten biztosan lesz dedik\u00e1l\u00e1s \u00e9s <a href=\"https:\/\/www.llkonyvesbolt.hu\/\" target=\"_blank\" rel=\"noreferrer noopener\">L&amp;L k\u00f6nyvesbolt<\/a> pavilon is, ez m\u00e1r fix, de ha lesz m\u00e1s alkalom, azonnal ki fogom \u00edrni minden fel\u00fcletemre. <\/p>\n\n\n\n<figure class=\"wp-block-image size-full is-resized\"><img loading=\"lazy\" decoding=\"async\" width=\"584\" height=\"538\" src=\"https:\/\/www.leinerlaura.hu\/wp-content\/uploads\/2024\/10\/FDAA3A3A-232F-4E47-91BD-C43174DB3780.jpeg\" alt=\"\" class=\"wp-image-2344\" style=\"width:330px;height:auto\"\/><\/figure>\n\n\n\n<p>SzJG tal\u00e1lkoz\u00f3 m\u00e1r nem, mert ennyi megjelent k\u00f6nyvvel m\u00e1r nem \u00edgy h\u00edvjuk majd az esem\u00e9nyt, de m\u00e1s n\u00e9ven v\u00e1rhat\u00f3 m\u00e9g tal\u00e1lkoz\u00f3. Hamarosan hozok r\u00f3la b\u0151vebb inf\u00f3kat.<\/p>\n\n\n\n<figure class=\"wp-block-image size-full is-resized\"><img loading=\"lazy\" decoding=\"async\" width=\"588\" height=\"536\" src=\"https:\/\/www.leinerlaura.hu\/wp-content\/uploads\/2024\/10\/A928C206-432D-4B24-BF9A-D055C1855B10.jpeg\" alt=\"\" class=\"wp-image-2345\" style=\"width:333px;height:auto\" srcset=\"https:\/\/www.leinerlaura.hu\/wp-content\/uploads\/2024\/10\/A928C206-432D-4B24-BF9A-D055C1855B10.jpeg 588w, https:\/\/www.leinerlaura.hu\/wp-content\/uploads\/2024\/10\/A928C206-432D-4B24-BF9A-D055C1855B10-585x533.jpeg 585w\" sizes=\"(max-width: 588px) 100vw, 588px\" \/><\/figure>\n\n\n\n<p>Most nagyon szeretem az \u00faj Linkin Park sz\u00e1mokat, illetve nem tudom, valahogy most \u00e9rt be n\u00e1lam Azahriah Tartarosz sz\u00e1ma, azt hallgatom rengeteget. \ud83d\ude42 <\/p>\n\n\n\n<figure class=\"wp-block-image size-full is-resized\"><img loading=\"lazy\" decoding=\"async\" width=\"590\" height=\"578\" src=\"https:\/\/www.leinerlaura.hu\/wp-content\/uploads\/2024\/10\/4F44B6FE-5BB0-4837-A380-C0307135B4DB.jpeg\" alt=\"\" class=\"wp-image-2346\" style=\"width:334px;height:auto\" srcset=\"https:\/\/www.leinerlaura.hu\/wp-content\/uploads\/2024\/10\/4F44B6FE-5BB0-4837-A380-C0307135B4DB.jpeg 590w, https:\/\/www.leinerlaura.hu\/wp-content\/uploads\/2024\/10\/4F44B6FE-5BB0-4837-A380-C0307135B4DB-585x573.jpeg 585w\" sizes=\"(max-width: 590px) 100vw, 590px\" \/><\/figure>\n\n\n\n<p>Nekem mindig a Look What You Made  Me Do volt a kedvencem, azzal a legk\u00f6nnyebb azonosulnom. \ud83d\ude00<\/p>\n\n\n\n<figure class=\"wp-block-image size-full is-resized\"><img loading=\"lazy\" decoding=\"async\" width=\"593\" height=\"558\" src=\"https:\/\/www.leinerlaura.hu\/wp-content\/uploads\/2024\/10\/F89DB1DD-BFC0-4BDC-946D-5885E12E8651.jpeg\" alt=\"\" class=\"wp-image-2347\" style=\"width:335px;height:auto\" srcset=\"https:\/\/www.leinerlaura.hu\/wp-content\/uploads\/2024\/10\/F89DB1DD-BFC0-4BDC-946D-5885E12E8651.jpeg 593w, https:\/\/www.leinerlaura.hu\/wp-content\/uploads\/2024\/10\/F89DB1DD-BFC0-4BDC-946D-5885E12E8651-585x550.jpeg 585w\" sizes=\"(max-width: 593px) 100vw, 593px\" \/><\/figure>\n\n\n\n<p>A Heathens \u00f6r\u00f6k kedvencem, de azon k\u00edv\u00fcl a Nico and the Niners \u00e9s az Air Catcher.<\/p>\n\n\n\n<figure class=\"wp-block-image size-full is-resized\"><img loading=\"lazy\" decoding=\"async\" width=\"613\" height=\"564\" src=\"https:\/\/www.leinerlaura.hu\/wp-content\/uploads\/2024\/10\/E73A594D-F323-4D65-BBF2-021FE6C04D35.jpeg\" alt=\"\" class=\"wp-image-2349\" style=\"width:335px;height:auto\" srcset=\"https:\/\/www.leinerlaura.hu\/wp-content\/uploads\/2024\/10\/E73A594D-F323-4D65-BBF2-021FE6C04D35.jpeg 613w, https:\/\/www.leinerlaura.hu\/wp-content\/uploads\/2024\/10\/E73A594D-F323-4D65-BBF2-021FE6C04D35-585x538.jpeg 585w\" sizes=\"(max-width: 613px) 100vw, 613px\" \/><\/figure>\n\n\n\n<p>Nagyon r\u00e9g volt, hogy egy \u00faj k\u00f6nyvn\u00e9l ilyen mennyis\u00e9g\u0171 \u00fczenetet kaptam, mint most a De\u00e1k megjelen\u00e9se ut\u00e1n, amiket h\u00e1l\u00e1san k\u00f6sz\u00f6n\u00f6k! Sajnos csak egy r\u00e9sz\u00e9t tudtam megosztani, mert vagy nagyon szem\u00e9lyes, vagy pedig kitakarhatatlanul spoileres. \ud83d\ude42 M\u00e9g mindig nem \u00e9rtem a v\u00e9g\u00e9re a kapott \u00fczeneteknek, de igyekszem mindenre reag\u00e1lni, \u00e9s nagyon k\u00f6sz\u00f6n\u00f6m a t\u00fcrelmet. \ud83d\ude42<\/p>\n\n\n\n<figure class=\"wp-block-image size-full is-resized\"><img loading=\"lazy\" decoding=\"async\" width=\"573\" height=\"530\" src=\"https:\/\/www.leinerlaura.hu\/wp-content\/uploads\/2024\/10\/3D6D4255-D472-4A3E-8F80-A8F0A744F761.jpeg\" alt=\"\" class=\"wp-image-2383\" style=\"width:333px;height:auto\"\/><\/figure>\n\n\n\n<p>Amikor kiraktam a legels\u0151 r\u00e9szletet a k\u00f6nyvb\u0151l, m\u00e9g b\u0151ven a megjelen\u00e9s el\u0151tt, akkor kaptam egy kommentet arr\u00f3l, hogy mi\u00e9rt \u201choodie\u201d \u00e9s \u201cbun\u201d. Tudom, hogy az angol kifejez\u00e9sek \u00e9s szlengek haszn\u00e1lata a k\u00f6nyvekben megoszt\u00f3, s\u0151t, egyenesen t\u00e1mad\u00e1si fel\u00fclet, \u00e9n m\u00e9gis ragaszkodom hozz\u00e1, eg\u00e9sz egyszer\u0171en az\u00e9rt, mert az \u00e1ltalam \u00edrt tizenh\u00e9t \u00e9ves szerepl\u0151 ilyen nyelvezettel \u00e9s kifejez\u00e9sekkel mes\u00e9li el a t\u00f6rt\u00e9netet. Meg\u00e9rtem, \u00e9s elfogadom, ha ez nem mindenkinek f\u00e9r bele, vagy szimpatikus, de ez hozz\u00e1tartozik a szerepl\u0151mh\u00f6z, \u00e9s az \u0151 st\u00edlus\u00e1hoz. Ez egy\u00e9bk\u00e9nt \u00e9rdekes, mert van, ami elfogadott, p\u00e9ld\u00e1ul teljesen be\u00e9p\u00fclt a \u201cspicy k\u00f6nyv\u201d, vagy \u00e9ppen az \u201cenemies to lovers\u201d kifejez\u00e9s a k\u00f6nyvesek k\u00f6r\u00e9ben, olyannyira, hogy kiad\u00f3k \u00edgy hirdetik a kiadv\u00e1nyaikat, ahogyan a \u201cfan base\u201d, \u201ccozy\u201d, vagy \u201cbooktok\u201d is a mindennapjaink r\u00e9szei lettek, \u00edgy nekem egy kicsit kett\u0151s m\u00e9rce, hogy azok teljesen rendben vannak, a \u201choodie\u201d vagy \u201cbun\u201d viszont elviselhetetlen\u00fcl zavar\u00f3. Szerintem ez csak att\u00f3l f\u00fcgg, ki milyen fel\u00fcleteket l\u00e1togat, mivel h\u00e1nyszor tal\u00e1lkozik, \u00e9s mit vesz \u00e1t bel\u0151le h\u00e9tk\u00f6znapi haszn\u00e1latra. Roni \u00edgy fejezi ki mag\u00e1t, az \u0151 szem\u00e9lyis\u00e9ge ilyen. Mindenesetre ezt akkor kaptam kommentben, az id\u00e9zet kirak\u00e1sakor, de az\u00f3ta nekem direktben nem j\u00f6tt semmi negat\u00edv. Ami persze nem jelenti azt, hogy nincs, tiszt\u00e1ban vagyok vele, hogy nyilv\u00e1n nem szerethet mindenki mindent, ez nem is v\u00e1rhat\u00f3 el, \u00e9s nem is lenne re\u00e1lis, r\u00e1ad\u00e1sul mint feljebb is \u00edrtam r\u00f3la, ez egy els\u0151 r\u00e9sz, ahol els\u0151k\u00e9nt ismerni meg a t\u00f6rt\u00e9netet, a szerepl\u0151ket, \u00e9s a st\u00edlust is, itt indul a sorozat, \u00e9s mutat ir\u00e1nyt, hogy mi v\u00e1rhat\u00f3 a k\u00e9s\u0151bbiekben is. \u00c9n nem olvasok magamr\u00f3l a saj\u00e1t fel\u00fcleteimen k\u00edv\u00fcl, de az\u00e9rt azt tudom, hogy az egyik k\u00f6nyves oldalon \u00e9vek \u00f3ta nagyon negat\u00edvak az \u00e9rt\u00e9kel\u00e9sek az \u00faj k\u00f6nyveimre, \u00e9s k\u00fcldtek r\u00f3la p\u00e1r \u00fczenetet, hogy most is, de h\u00e1t ez hozz\u00e1tartozik az \u00edr\u00f3i l\u00e9thez \u00e9s munk\u00e1hoz. A k\u00f6nyveim, b\u00e1r ifj\u00fas\u00e1gi m\u0171fajban vannak, minden koroszt\u00e1lynak sz\u00f3lnak, akik szeretik az \u00e1ltalam \u00edrt tini k\u00f6nyveket, \u00e9s azt a vil\u00e1got, amibe a kamasz karaktereimet helyezem, \u00edgy az olvas\u00e1s\u00e1t mindenkinek aj\u00e1nlom, \u00e9s k\u00f6sz\u00f6n\u00f6m, ha megtisztel vele. Viszont van, hogy valakik nem tudj\u00e1k m\u00e1r \u00fagy befogadni, mint r\u00e9gen, annak ellen\u00e9re, hogy kifejezetten nyitottak szeretn\u00e9nek maradni a k\u00f6nyveimre. M\u00e1r annak idej\u00e9n az SzJG megjelen\u00e9sein\u00e9l is rengeteg negat\u00edv kritik\u00e1t kaptam azokt\u00f3l, akik akkor egyszer\u0171en nem szerett\u00e9k azt, amir\u0151l, akikr\u0151l \u00e9s ahogyan \u00edrok. Ez most, tizenn\u00e9gy \u00e9vvel k\u00e9s\u0151bb, a Mindig t\u00f6rt\u00e9nik VALAMI a De\u00e1kban megjelen\u00e9s\u00e9n\u00e9l is pontosan ugyan\u00edgy van. Ez nem v\u00e1ltozott. \u00c9n nem v\u00e1ltoztam. Nem \u00e9n v\u00e1ltoztam.\u00a0<\/p>\n\n\n\n<figure class=\"wp-block-image size-full is-resized\"><img loading=\"lazy\" decoding=\"async\" width=\"568\" height=\"539\" src=\"https:\/\/www.leinerlaura.hu\/wp-content\/uploads\/2024\/10\/8CD38099-BB28-4972-8F5D-FD9479B81B96.jpeg\" alt=\"\" class=\"wp-image-2367\" style=\"width:352px;height:auto\"\/><\/figure>\n\n\n\n<p>Egy\u00e9rtelm\u0171en az, hogy mennyire tetszik az alap\u00f6tlet a m\u00e1sokon seg\u00edt\u0151 csapatr\u00f3l, illetve, amire \u0151r\u00fclten b\u00fcszke vagyok, az ikervisszajelz\u00e9sek, hogy mennyire j\u00f3l \u00e1br\u00e1zolom a Somfalvi testv\u00e9rek kapcsolat\u00e1t. Ez mindenn\u00e9l nagyobb visszaigazol\u00e1s nekem.<\/p>\n\n\n\n<figure class=\"wp-block-image size-full is-resized\"><img loading=\"lazy\" decoding=\"async\" width=\"585\" height=\"556\" src=\"https:\/\/www.leinerlaura.hu\/wp-content\/uploads\/2024\/10\/B6828744-DCBC-46CB-95EB-3910919B36C3.jpeg\" alt=\"\" class=\"wp-image-2350\" style=\"width:356px;height:auto\"\/><\/figure>\n\n\n\n<p>Biztosan, de ink\u00e1bb lenn\u00e9k a t\u00e1rsas\u00e1g tagja. <\/p>\n\n\n\n<figure class=\"wp-block-image size-full is-resized\"><img loading=\"lazy\" decoding=\"async\" width=\"603\" height=\"558\" src=\"https:\/\/www.leinerlaura.hu\/wp-content\/uploads\/2024\/10\/931AB2D7-3105-4515-B8A9-EE99A2811A28.jpeg\" alt=\"\" class=\"wp-image-2356\" style=\"width:355px;height:auto\" srcset=\"https:\/\/www.leinerlaura.hu\/wp-content\/uploads\/2024\/10\/931AB2D7-3105-4515-B8A9-EE99A2811A28.jpeg 603w, https:\/\/www.leinerlaura.hu\/wp-content\/uploads\/2024\/10\/931AB2D7-3105-4515-B8A9-EE99A2811A28-585x541.jpeg 585w\" sizes=\"(max-width: 603px) 100vw, 603px\" \/><\/figure>\n\n\n\n<p>Roni, (ahogyan a f\u0151szerepl\u0151im t\u00f6bbs\u00e9ge) nem igaz\u00e1n hasonl\u00edt r\u00e1m, \u00e9n rendszerint ink\u00e1bb a mell\u00e9kszerepl\u0151kben b\u00fajok meg egy-egy tulajdons\u00e1gommal, vagy st\u00edlusjeggyel, de ett\u0151l f\u00fcggetlen\u00fcl nagyon szeretem Ronit \u00edrni, szeretem, hogy okos, hogy r\u00e1termett, hogy nem f\u00e9l l\u00e9pni, \u00e9s hogy\u2026 J\u00f3 az \u00edzl\u00e9se. \ud83d\ude00<\/p>\n\n\n\n<figure class=\"wp-block-image size-full is-resized\"><img loading=\"lazy\" decoding=\"async\" width=\"587\" height=\"558\" src=\"https:\/\/www.leinerlaura.hu\/wp-content\/uploads\/2024\/10\/ACD34CEC-0648-482D-BA65-800D7309FF48.jpeg\" alt=\"\" class=\"wp-image-2357\" style=\"width:356px;height:auto\" srcset=\"https:\/\/www.leinerlaura.hu\/wp-content\/uploads\/2024\/10\/ACD34CEC-0648-482D-BA65-800D7309FF48.jpeg 587w, https:\/\/www.leinerlaura.hu\/wp-content\/uploads\/2024\/10\/ACD34CEC-0648-482D-BA65-800D7309FF48-585x556.jpeg 585w\" sizes=\"(max-width: 587px) 100vw, 587px\" \/><\/figure>\n\n\n\n<p>\u00c9n nagyon szeretem az els\u0151 r\u00e9szben azokat a pillanatokat, amikor Roni \u00e9s Benedek utols\u00f3nak maradnak, \u00e9s besz\u00e9lgetnek m\u00e9g egy kicsit, amikor Mirk\u00f3 Batman utal\u00e1sokat tesz, vagy Bojtor Petit szidja, illetve term\u00e9szetesen a legnagyobb kedvencem A JELENET. (Watch it)<\/p>\n\n\n\n<figure class=\"wp-block-image size-full is-resized\"><img loading=\"lazy\" decoding=\"async\" width=\"582\" height=\"543\" src=\"https:\/\/www.leinerlaura.hu\/wp-content\/uploads\/2024\/10\/31B4F164-C6BA-44B3-90FB-FF3FD96FA24A.jpeg\" alt=\"\" class=\"wp-image-2351\" style=\"width:357px;height:auto\"\/><\/figure>\n\n\n\n<p>Eredet, Joker, Baby Driver, Mad Max, Lotr, Manchester by the Sea, \u00c9szveszt\u0151, Creed. Most \u00edgy hirtelen ezek ugrottak be. \ud83d\ude42<\/p>\n\n\n\n<figure class=\"wp-block-image size-full is-resized\"><img loading=\"lazy\" decoding=\"async\" width=\"588\" height=\"529\" src=\"https:\/\/www.leinerlaura.hu\/wp-content\/uploads\/2024\/10\/B5A9B741-0327-457E-A1D8-0A2082FCC545.jpeg\" alt=\"\" class=\"wp-image-2352\" style=\"width:361px;height:auto\" srcset=\"https:\/\/www.leinerlaura.hu\/wp-content\/uploads\/2024\/10\/B5A9B741-0327-457E-A1D8-0A2082FCC545.jpeg 588w, https:\/\/www.leinerlaura.hu\/wp-content\/uploads\/2024\/10\/B5A9B741-0327-457E-A1D8-0A2082FCC545-585x526.jpeg 585w\" sizes=\"(max-width: 588px) 100vw, 588px\" \/><\/figure>\n\n\n\n<p>Most tervezem elkezdeni A csal\u00e1domban mindenki gyilkos \u00e9s az Ezen a vonaton mindenki gyan\u00fas k\u00f6nyveket. <\/p>\n\n\n\n<figure class=\"wp-block-image size-full is-resized\"><img loading=\"lazy\" decoding=\"async\" width=\"584\" height=\"545\" src=\"https:\/\/www.leinerlaura.hu\/wp-content\/uploads\/2024\/10\/C3364CDD-25D4-4303-8F12-959AE0BB0D49.jpeg\" alt=\"\" class=\"wp-image-2353\" style=\"width:363px;height:auto\"\/><\/figure>\n\n\n\n<p>Igen, az \u0151szi sz\u00fcnet alatt v\u00e9gig nyitva lesz az <a href=\"https:\/\/www.llkonyvesbolt.hu\/\" target=\"_blank\" rel=\"noreferrer noopener\">L&amp;L k\u00f6nyvesbolt<\/a>, mindenkit sok szeretettel v\u00e1r Halloween-es zs\u00e1kbamacsk\u00e1val, De\u00e1kos kieg\u00e9sz\u00edt\u0151kkel \u00e9s persze k\u00f6nyvekkel. <\/p>\n\n\n\n<figure class=\"wp-block-image size-full is-resized\"><img loading=\"lazy\" decoding=\"async\" width=\"600\" height=\"545\" src=\"https:\/\/www.leinerlaura.hu\/wp-content\/uploads\/2024\/10\/53D39A5C-74D1-4C8A-A1E2-ADE3F5DC4BA9.jpeg\" alt=\"\" class=\"wp-image-2354\" style=\"width:363px;height:auto\" srcset=\"https:\/\/www.leinerlaura.hu\/wp-content\/uploads\/2024\/10\/53D39A5C-74D1-4C8A-A1E2-ADE3F5DC4BA9.jpeg 600w, https:\/\/www.leinerlaura.hu\/wp-content\/uploads\/2024\/10\/53D39A5C-74D1-4C8A-A1E2-ADE3F5DC4BA9-585x531.jpeg 585w\" sizes=\"(max-width: 600px) 100vw, 600px\" \/><\/figure>\n\n\n\n<p>\ud83d\ude00 \u2764\ufe0f<\/p>\n\n\n\n<figure class=\"wp-block-image size-full is-resized\"><img loading=\"lazy\" decoding=\"async\" width=\"590\" height=\"552\" src=\"https:\/\/www.leinerlaura.hu\/wp-content\/uploads\/2024\/10\/78545A27-7761-47AA-A554-EFF13496D92A.jpeg\" alt=\"\" class=\"wp-image-2339\" style=\"width:359px;height:auto\" srcset=\"https:\/\/www.leinerlaura.hu\/wp-content\/uploads\/2024\/10\/78545A27-7761-47AA-A554-EFF13496D92A.jpeg 590w, https:\/\/www.leinerlaura.hu\/wp-content\/uploads\/2024\/10\/78545A27-7761-47AA-A554-EFF13496D92A-585x547.jpeg 585w\" sizes=\"(max-width: 590px) 100vw, 590px\" \/><\/figure>\n\n\n\n<p>K\u00f6sz\u00f6n\u00f6m sz\u00e9pen, j\u00f3l. \ud83d\ude42 Ez egy fontos k\u00e9rd\u00e9s, \u00e9s mindig nagyon h\u00e1l\u00e1s vagyok \u00e9rte, k\u00e9rdezz\u00e9tek meg min\u00e9l t\u00f6bbsz\u00f6r mindenkit\u0151l! <\/p>\n\n\n\n<p>Most ennyi f\u00e9rt bele, hamarosan hozom a trivia bejegyz\u00e9st a De\u00e1k \u00e9rdekess\u00e9gekr\u0151l (m\u00e1r \u00edg\u00e9rtem, de m\u00e9g kiv\u00e1rn\u00e9k egy kicsit, hogy t\u00f6bben olvass\u00e1k, \u00e9s kevesebb legyen a spoiler).<\/p>\n","protected":false},"excerpt":{"rendered":"<p>K\u00e9t hete jelent meg a Mindig t\u00f6rt\u00e9nik VALAMI a De\u00e1kban, az Inst\u00e1mr\u00f3l pedig hoztam bejegyz\u00e9snek egy k\u00e9rdezz-felelek sztorim leg\u00e9rdekesebb\/legaktu\u00e1lisabb k\u00e9rd\u00e9seit, \u00e9s a v\u00e1laszokat. \ud83d\ude42 Ahol a SPOILER felirat szerepel, \u00e9s valaki nem szeretne tudni r\u00f3la, ott ugorjon egyet nyugodtan, azt a r\u00e9szt ne olvassa el. K\u00f6sz\u00f6n\u00f6m sz\u00e9pen, egy kicsit intenz\u00edv volt az elm\u00falt k\u00e9t h\u00e9t,<\/p>\n","protected":false},"author":2,"featured_media":2364,"comment_status":"open","ping_status":"open","sticky":false,"template":"","format":"standard","meta":{"_jetpack_memberships_contains_paid_content":false,"footnotes":""},"categories":[13],"tags":[32,38],"class_list":["post-2319","post","type-post","status-publish","format-standard","has-post-thumbnail","hentry","category-blogbejegyzes","tag-kerdesek-es-valaszok","tag-mindig-tortenik-valami-a-deakban"],"jetpack_featured_media_url":"https:\/\/www.leinerlaura.hu\/wp-content\/uploads\/2024\/10\/45E6423E-A12F-4868-A9AB-997AF1F86DFB.jpeg","jetpack_sharing_enabled":true,"_links":{"self":[{"href":"https:\/\/www.leinerlaura.hu\/index.php\/wp-json\/wp\/v2\/posts\/2319","targetHints":{"allow":["GET"]}}],"collection":[{"href":"https:\/\/www.leinerlaura.hu\/index.php\/wp-json\/wp\/v2\/posts"}],"about":[{"href":"https:\/\/www.leinerlaura.hu\/index.php\/wp-json\/wp\/v2\/types\/post"}],"author":[{"embeddable":true,"href":"https:\/\/www.leinerlaura.hu\/index.php\/wp-json\/wp\/v2\/users\/2"}],"replies":[{"embeddable":true,"href":"https:\/\/www.leinerlaura.hu\/index.php\/wp-json\/wp\/v2\/comments?post=2319"}],"version-history":[{"count":20,"href":"https:\/\/www.leinerlaura.hu\/index.php\/wp-json\/wp\/v2\/posts\/2319\/revisions"}],"predecessor-version":[{"id":2393,"href":"https:\/\/www.leinerlaura.hu\/index.php\/wp-json\/wp\/v2\/posts\/2319\/revisions\/2393"}],"wp:featuredmedia":[{"embeddable":true,"href":"https:\/\/www.leinerlaura.hu\/index.php\/wp-json\/wp\/v2\/media\/2364"}],"wp:attachment":[{"href":"https:\/\/www.leinerlaura.hu\/index.php\/wp-json\/wp\/v2\/media?parent=2319"}],"wp:term":[{"taxonomy":"category","embeddable":true,"href":"https:\/\/www.leinerlaura.hu\/index.php\/wp-json\/wp\/v2\/categories?post=2319"},{"taxonomy":"post_tag","embeddable":true,"href":"https:\/\/www.leinerlaura.hu\/index.php\/wp-json\/wp\/v2\/tags?post=2319"}],"curies":[{"name":"wp","href":"https:\/\/api.w.org\/{rel}","templated":true}]}}