{"id":25,"date":"2022-12-17T22:41:53","date_gmt":"2022-12-17T21:41:53","guid":{"rendered":"https:\/\/www.leinerlaura.hu\/?p=25"},"modified":"2023-02-04T15:08:30","modified_gmt":"2023-02-04T14:08:30","slug":"az-ev-konyve-2022","status":"publish","type":"post","link":"https:\/\/www.leinerlaura.hu\/index.php\/2022\/12\/17\/az-ev-konyve-2022\/","title":{"rendered":"Az \u00c9v k\u00f6nyve 2022"},"content":{"rendered":"\n<p>V\u00e9get \u00e9rt a 2022-es \u00c9v k\u00f6nyve szavaz\u00e1s, ahol az \u00c1llj mell\u00e9m els\u0151 helyez\u00e9st \u00e9rt el ifj\u00fas\u00e1gi kateg\u00f3ri\u00e1ban, a Random pedig els\u0151 helyezett lett a bor\u00edt\u00f3 kateg\u00f3ri\u00e1ban!<\/p>\n\n\n\n<p>Szeretn\u00e9m mindenkinek \u0151szint\u00e9n megk\u00f6sz\u00f6nni a t\u00e1mogat\u00e1st \u00e9s a szavaz\u00e1st, kimondhatatlanul \u00f6r\u00fcl\u00f6k, \u00e9s \u00f3ri\u00e1si elismer\u00e9s, hogy mindk\u00e9t k\u00f6nyv d\u00edjazott lett.&nbsp;<\/p>\n\n\n\n<p>Az \u00c9g veled annak idej\u00e9n Aranyk\u00f6nyv d\u00edjas lett, \u00edgy k\u00fcl\u00f6n\u00f6sen nagy boldogs\u00e1g sz\u00e1momra, hogy (ahogyan a t\u00f6rt\u00e9netben S\u00e1r\u00e1\u00e9k), a val\u00f3s\u00e1gban a m\u00e1sodik tril\u00f3gia is meg tudta ezt ism\u00e9telni \u00e9s els\u0151 helyezett lett az \u00c9v k\u00f6nyve szavaz\u00e1son. Azt hiszem, enn\u00e9l szebb v\u00e9gs\u0151 lez\u00e1r\u00e1sa nem is lehetne az IOV tril\u00f3gi\u00e1knak, \u00e9s h\u00e1l\u00e1san k\u00f6sz\u00f6n\u00f6m mindenkinek, hogy m\u00e9g egyszer izgulhattunk a Szirtes\u00e9rt.<\/p>\n\n\n\n<figure class=\"wp-block-image size-full is-resized\"><img fetchpriority=\"high\" decoding=\"async\" src=\"https:\/\/www.leinerlaura.hu\/wp-content\/uploads\/2023\/02\/273E07F1-8149-4223-BF32-5C1E6B27E981.jpeg\" alt=\"\" class=\"wp-image-334\" width=\"350\" height=\"350\" srcset=\"https:\/\/www.leinerlaura.hu\/wp-content\/uploads\/2023\/02\/273E07F1-8149-4223-BF32-5C1E6B27E981.jpeg 700w, https:\/\/www.leinerlaura.hu\/wp-content\/uploads\/2023\/02\/273E07F1-8149-4223-BF32-5C1E6B27E981-160x160.jpeg 160w, https:\/\/www.leinerlaura.hu\/wp-content\/uploads\/2023\/02\/273E07F1-8149-4223-BF32-5C1E6B27E981-585x585.jpeg 585w\" sizes=\"(max-width: 350px) 100vw, 350px\" \/><\/figure>\n\n\n\n<p>\u00c9s k\u00f6sz\u00f6n\u00f6m, k\u00f6sz\u00f6n\u00f6m, k\u00f6sz\u00f6n\u00f6m a Random szavazatokat! A Random miatt szint\u00e9n nagyon izgultam, \u00e9s tekintve, hogy kisebb megjelen\u00e9s volt \u00e9s a k\u00f6tet csak az&nbsp;<a href=\"https:\/\/llkonyvesbolt.hu\/\" target=\"_blank\" rel=\"noreferrer noopener\">L&amp;L-ben kaphat\u00f3<\/a>, m\u00e1r azt is hatalmas dolognak tartottam, hogy beker\u00fclt a TOP10 mez\u0151nybe, \u00e9s az, hogy v\u00e9g\u00fcl megnyerte a bor\u00edt\u00f3t, t\u00e9nyleg a legnagyobb boldogs\u00e1g sz\u00e1momra, \u00e9s \u0151r\u00fclten b\u00fcszke vagyok r\u00e1.<\/p>\n\n\n\n<p>T\u00f6bb kor\u00e1bbi bejegyz\u00e9semben is \u00edrtam m\u00e1r r\u00f3la, hogy a Random egy r\u00e9gebben (m\u00e9g az SzJG el\u0151tt) \u00edrt k\u00f6nyvem volt, ami hossz\u00fa-hossz\u00fa \u00e9vekig pihent a fi\u00f3kban, v\u00e1rva a saj\u00e1t idej\u00e9t, ami valami\u00e9rt \u00fagy alakult, hogy id\u00e9n j\u00f6tt el, \u00e9s borzaszt\u00f3an k\u00f6r\u00fclm\u00e9nyesen ugyan, de v\u00e9g\u00fcl megjelent. Az pedig, hogy ennyi v\u00e1rakoz\u00e1s, viszontags\u00e1g, \u00e9s k\u00fczdelem ut\u00e1n a megjelen\u00e9st k\u00f6vet\u0151en a Random nem csup\u00e1n azt \u00e9rte el, hogy sok olvas\u00f3 kedvenc k\u00f6nyve lett, de m\u00e9g egy d\u00edjat is nyert, az t\u00e9nyleg az egyik legjobb dolgok egyike, ami valaha t\u00f6rt\u00e9nt velem.<\/p>\n\n\n\n<figure class=\"wp-block-image size-full is-resized\"><img decoding=\"async\" src=\"https:\/\/www.leinerlaura.hu\/wp-content\/uploads\/2023\/02\/A68E39A2-7A0D-4569-ACA7-DFBBAF34AD93.jpeg\" alt=\"\" class=\"wp-image-335\" width=\"350\" height=\"350\" srcset=\"https:\/\/www.leinerlaura.hu\/wp-content\/uploads\/2023\/02\/A68E39A2-7A0D-4569-ACA7-DFBBAF34AD93.jpeg 700w, https:\/\/www.leinerlaura.hu\/wp-content\/uploads\/2023\/02\/A68E39A2-7A0D-4569-ACA7-DFBBAF34AD93-160x160.jpeg 160w, https:\/\/www.leinerlaura.hu\/wp-content\/uploads\/2023\/02\/A68E39A2-7A0D-4569-ACA7-DFBBAF34AD93-585x585.jpeg 585w\" sizes=\"(max-width: 350px) 100vw, 350px\" \/><\/figure>\n\n\n\n<p>H\u00e1l\u00e1san k\u00f6sz\u00f6n\u00f6m, \u00e9s nem csup\u00e1n azt, hogy a Random d\u00edjazott lett, hanem azt is, hogy elk\u00e9peszt\u0151en sok pozit\u00edv visszajelz\u00e9st kapok a k\u00f6nyvr\u0151l, \u00e9s hogy ennyire nagyon szeretitek. Sosem gondoltam volna, hogy a nyerem\u00e9nyutas csapatom tun\u00e9ziai nyaral\u00e1s\u00e1nak ekkora k\u00f6z\u00f6ns\u00e9ge lesz. Igaz\u00e1b\u00f3l, amikor \u00edrtam, akkor azt sem gondoltam volna, hogy ak\u00e1rmekkora lesz. \u00c9ppen ez\u00e9rt (is) ekkora \u00f6r\u00f6m \u00e9s boldogs\u00e1g sz\u00e1momra, hogy a Random is els\u0151 lett egy kateg\u00f3ri\u00e1ban. A tizenh\u00e1rom \u00e9vvel kor\u00e1bbi, b\u0151ven SzJG el\u0151tti \u00e9nem sosem hinn\u00e9 el ezt az eg\u00e9szet.&nbsp;<\/p>\n\n\n\n<p>K\u00f6sz\u00f6n\u00f6m!<\/p>\n\n\n\n<figure class=\"wp-block-image size-full is-resized\"><img decoding=\"async\" src=\"https:\/\/www.leinerlaura.hu\/wp-content\/uploads\/2022\/12\/F80FBBCF-B391-48E1-953A-9723D976D7CE.jpeg\" alt=\"\" class=\"wp-image-577\" width=\"600\" height=\"480\" srcset=\"https:\/\/www.leinerlaura.hu\/wp-content\/uploads\/2022\/12\/F80FBBCF-B391-48E1-953A-9723D976D7CE.jpeg 800w, https:\/\/www.leinerlaura.hu\/wp-content\/uploads\/2022\/12\/F80FBBCF-B391-48E1-953A-9723D976D7CE-768x614.jpeg 768w, https:\/\/www.leinerlaura.hu\/wp-content\/uploads\/2022\/12\/F80FBBCF-B391-48E1-953A-9723D976D7CE-585x468.jpeg 585w\" sizes=\"(max-width: 600px) 100vw, 600px\" \/><\/figure>\n\n\n\n<p>A Randommal kapcsolatban m\u00e9g egy gondolat, ami gyakran felmer\u00fcl k\u00e9rd\u00e9sk\u00e9nt az oldalaimon. A reg\u00e9ny megjelent hagyom\u00e1nyos, k\u00f6nyv form\u00e1tumban, azonban a K\u00f6zhelyek \u00e9s Remek\/Ez is remek kiadv\u00e1nyokhoz hasonl\u00f3an kiz\u00e1r\u00f3lag az L&amp;L k\u00f6nyvesboltban kaphat\u00f3, illetve rendelhet\u0151 az&nbsp;<a rel=\"noreferrer noopener\" href=\"https:\/\/llkonyvesbolt.hu\/\" target=\"_blank\">L&amp;L webshopr\u00f3l.<\/a>&nbsp;Pap\u00edr alapon megjelent k\u00f6nyvk\u00e9nt teh\u00e1t csak az L&amp;L-t\u0151l lehet megv\u00e1s\u00e1rolni, ebook form\u00e1tumban azonban minden ek\u00f6nyv \u00e1ruh\u00e1zban megtal\u00e1lhat\u00f3.<\/p>\n\n\n\n<figure class=\"wp-block-image size-full is-resized\"><img loading=\"lazy\" decoding=\"async\" src=\"https:\/\/www.leinerlaura.hu\/wp-content\/uploads\/2023\/02\/2D4290AD-F06E-47C4-A23C-BA7B0BFC6E4A-768x512-1.png\" alt=\"\" class=\"wp-image-336\" width=\"576\" height=\"384\" srcset=\"https:\/\/www.leinerlaura.hu\/wp-content\/uploads\/2023\/02\/2D4290AD-F06E-47C4-A23C-BA7B0BFC6E4A-768x512-1.png 768w, https:\/\/www.leinerlaura.hu\/wp-content\/uploads\/2023\/02\/2D4290AD-F06E-47C4-A23C-BA7B0BFC6E4A-768x512-1-585x390.png 585w\" sizes=\"(max-width: 576px) 100vw, 576px\" \/><\/figure>\n\n\n\n<p>Mindenkinek nagyon k\u00f6sz\u00f6n\u00f6m, hogy szavazott az \u00c9v k\u00f6nyv\u00e9n, \u00e9s k\u00f6sz\u00f6n\u00f6m, hogy az olvas\u00f3k a befejez\u0151 IOV k\u00f6tetet, \u00e9s a Randomot is d\u00edjazt\u00e1k!&nbsp;<\/p>\n\n\n\n<p>Kellemes \u00fcnnepeket k\u00edv\u00e1nok, \u00e9s m\u00e9g egyszer h\u00e1l\u00e1san k\u00f6sz\u00f6n\u00f6m, hogy ekkora boldogs\u00e1g \u00e9rhetett \u00edgy az \u00e9v legv\u00e9g\u00e9n.<\/p>\n","protected":false},"excerpt":{"rendered":"<p>V\u00e9get \u00e9rt a 2022-es \u00c9v k\u00f6nyve szavaz\u00e1s, ahol az \u00c1llj mell\u00e9m els\u0151 helyez\u00e9st \u00e9rt el ifj\u00fas\u00e1gi kateg\u00f3ri\u00e1ban, a Random pedig els\u0151 helyezett lett a bor\u00edt\u00f3 kateg\u00f3ri\u00e1ban! Szeretn\u00e9m mindenkinek \u0151szint\u00e9n megk\u00f6sz\u00f6nni a t\u00e1mogat\u00e1st \u00e9s a szavaz\u00e1st, kimondhatatlanul \u00f6r\u00fcl\u00f6k, \u00e9s \u00f3ri\u00e1si elismer\u00e9s, hogy mindk\u00e9t k\u00f6nyv d\u00edjazott lett.&nbsp; Az \u00c9g veled annak idej\u00e9n Aranyk\u00f6nyv d\u00edjas lett, \u00edgy k\u00fcl\u00f6n\u00f6sen<\/p>\n","protected":false},"author":2,"featured_media":337,"comment_status":"closed","ping_status":"closed","sticky":false,"template":"","format":"standard","meta":{"_jetpack_memberships_contains_paid_content":false,"footnotes":""},"categories":[13],"tags":[5,6,4],"class_list":["post-25","post","type-post","status-publish","format-standard","has-post-thumbnail","hentry","category-blogbejegyzes","tag-allj-mellem","tag-az-ev-konyve","tag-random"],"jetpack_featured_media_url":"https:\/\/www.leinerlaura.hu\/wp-content\/uploads\/2023\/02\/A1EEA0A4-465F-444C-B7D1-85F286E04D63-768x1024-1.jpeg","jetpack_sharing_enabled":true,"_links":{"self":[{"href":"https:\/\/www.leinerlaura.hu\/index.php\/wp-json\/wp\/v2\/posts\/25","targetHints":{"allow":["GET"]}}],"collection":[{"href":"https:\/\/www.leinerlaura.hu\/index.php\/wp-json\/wp\/v2\/posts"}],"about":[{"href":"https:\/\/www.leinerlaura.hu\/index.php\/wp-json\/wp\/v2\/types\/post"}],"author":[{"embeddable":true,"href":"https:\/\/www.leinerlaura.hu\/index.php\/wp-json\/wp\/v2\/users\/2"}],"replies":[{"embeddable":true,"href":"https:\/\/www.leinerlaura.hu\/index.php\/wp-json\/wp\/v2\/comments?post=25"}],"version-history":[{"count":8,"href":"https:\/\/www.leinerlaura.hu\/index.php\/wp-json\/wp\/v2\/posts\/25\/revisions"}],"predecessor-version":[{"id":796,"href":"https:\/\/www.leinerlaura.hu\/index.php\/wp-json\/wp\/v2\/posts\/25\/revisions\/796"}],"wp:featuredmedia":[{"embeddable":true,"href":"https:\/\/www.leinerlaura.hu\/index.php\/wp-json\/wp\/v2\/media\/337"}],"wp:attachment":[{"href":"https:\/\/www.leinerlaura.hu\/index.php\/wp-json\/wp\/v2\/media?parent=25"}],"wp:term":[{"taxonomy":"category","embeddable":true,"href":"https:\/\/www.leinerlaura.hu\/index.php\/wp-json\/wp\/v2\/categories?post=25"},{"taxonomy":"post_tag","embeddable":true,"href":"https:\/\/www.leinerlaura.hu\/index.php\/wp-json\/wp\/v2\/tags?post=25"}],"curies":[{"name":"wp","href":"https:\/\/api.w.org\/{rel}","templated":true}]}}