{"id":2849,"date":"2025-06-16T19:39:19","date_gmt":"2025-06-16T17:39:19","guid":{"rendered":"https:\/\/www.leinerlaura.hu\/?p=2849"},"modified":"2025-06-16T19:39:21","modified_gmt":"2025-06-16T17:39:21","slug":"londonsztori-bejelentes","status":"publish","type":"post","link":"https:\/\/www.leinerlaura.hu\/index.php\/2025\/06\/16\/londonsztori-bejelentes\/","title":{"rendered":"Londonsztori bejelent\u00e9s"},"content":{"rendered":"\n<p>Tal\u00e1n m\u00e9g soha nem kezdtem el annyiszor megfogalmazni bejegyz\u00e9st, mint ezt a mostanit, mert nem tudtam hogyan fogjak hozz\u00e1 egy olyan bejelent\u00e9shez, amiben ki\u00edrhatok valamit, amire az eg\u00e9sz \u00edr\u00f3i p\u00e1lyafut\u00e1som alatt sz\u00edvb\u0151l \u00e9s rem\u00e9nykedve v\u00e1gytam, \u00e9s amir\u0151l (m\u00e9g most is nehezen hiszem el, de) elmondhat\u00f3, hogy egy beteljes\u00fclt \u00e1lmom: \u00e9rkezik egy reg\u00e9nyem m\u00e1s nyelven.<\/p>\n\n\n\n<p>Hatalmas \u00f6r\u00f6mmel \u00e9s b\u00fcszkes\u00e9ggel szeretn\u00e9m megosztani a h\u00edrt, miszerint a Londonsztori megjelen\u00e9sekor megkeresett a <a href=\"https:\/\/www.k-kocur.sk\/\" target=\"_blank\" rel=\"noreferrer noopener\">Zelen\u00fd koc\u00far<\/a> kiad\u00f3, hogy sz\u00edvesen kiadn\u00e1k a k\u00f6nyvet szlov\u00e1k nyelven, \u00edgy m\u00e9g az idei \u00e9v v\u00e9g\u00e9n megjelenik a reg\u00e9ny Szlov\u00e1ki\u00e1ban is, amivel a Londonsztori \u00e9letem els\u0151 k\u00fclf\u00f6ldi kiad\u00e1s\u00e1v\u00e1 v\u00e1lik!\u00a0\u00a0<\/p>\n\n\n\n<p>Elmondhatatlanul h\u00e1l\u00e1s vagyok a kiad\u00f3nak a megkeres\u00e9s\u00e9rt, ez t\u00e9nyleg az egyik legjelent\u0151sebb m\u00e9rf\u00f6ldk\u0151 az \u00e9letemben.&nbsp;<\/p>\n\n\n\n<p>Alig v\u00e1rom a megjelen\u00e9st, \u00e9s a k\u00f6z\u00f6s munk\u00e1t Lenk\u00e1val, aki a Londonsztori szlov\u00e1k sz\u00f6veg\u00e9t gondozza majd, \u00e9s akivel m\u00e1r siker\u00fclt szem\u00e9lyesen is megismerkedn\u00fcnk a K\u00f6nyvh\u00e9ten.<\/p>\n\n\n\n<p>Mindenkinek nagyon k\u00f6sz\u00f6n\u00f6m a t\u00e1mogat\u00e1st, csordultig vagyok boldogs\u00e1ggal, annyi felfoghatatlanul jelent\u0151s pillanat \u00e9rt a Londonsztori kiad\u00e1sa \u00f3ta eltelt hat h\u00e9tben. K\u00f6sz\u00f6n\u00f6m!<\/p>\n","protected":false},"excerpt":{"rendered":"<p>Tal\u00e1n m\u00e9g soha nem kezdtem el annyiszor megfogalmazni bejegyz\u00e9st, mint ezt a mostanit, mert nem tudtam hogyan fogjak hozz\u00e1 egy olyan bejelent\u00e9shez, amiben ki\u00edrhatok valamit, amire az eg\u00e9sz \u00edr\u00f3i p\u00e1lyafut\u00e1som alatt sz\u00edvb\u0151l \u00e9s rem\u00e9nykedve v\u00e1gytam, \u00e9s amir\u0151l (m\u00e9g most is nehezen hiszem el, de) elmondhat\u00f3, hogy egy beteljes\u00fclt \u00e1lmom: \u00e9rkezik egy reg\u00e9nyem m\u00e1s nyelven. Hatalmas<\/p>\n","protected":false},"author":2,"featured_media":2850,"comment_status":"open","ping_status":"open","sticky":false,"template":"","format":"standard","meta":{"_jetpack_memberships_contains_paid_content":false,"footnotes":""},"categories":[13],"tags":[40],"class_list":["post-2849","post","type-post","status-publish","format-standard","has-post-thumbnail","hentry","category-blogbejegyzes","tag-londonsztori"],"jetpack_featured_media_url":"https:\/\/www.leinerlaura.hu\/wp-content\/uploads\/2025\/06\/IMG_6122.jpeg","jetpack_sharing_enabled":true,"_links":{"self":[{"href":"https:\/\/www.leinerlaura.hu\/index.php\/wp-json\/wp\/v2\/posts\/2849","targetHints":{"allow":["GET"]}}],"collection":[{"href":"https:\/\/www.leinerlaura.hu\/index.php\/wp-json\/wp\/v2\/posts"}],"about":[{"href":"https:\/\/www.leinerlaura.hu\/index.php\/wp-json\/wp\/v2\/types\/post"}],"author":[{"embeddable":true,"href":"https:\/\/www.leinerlaura.hu\/index.php\/wp-json\/wp\/v2\/users\/2"}],"replies":[{"embeddable":true,"href":"https:\/\/www.leinerlaura.hu\/index.php\/wp-json\/wp\/v2\/comments?post=2849"}],"version-history":[{"count":1,"href":"https:\/\/www.leinerlaura.hu\/index.php\/wp-json\/wp\/v2\/posts\/2849\/revisions"}],"predecessor-version":[{"id":2851,"href":"https:\/\/www.leinerlaura.hu\/index.php\/wp-json\/wp\/v2\/posts\/2849\/revisions\/2851"}],"wp:featuredmedia":[{"embeddable":true,"href":"https:\/\/www.leinerlaura.hu\/index.php\/wp-json\/wp\/v2\/media\/2850"}],"wp:attachment":[{"href":"https:\/\/www.leinerlaura.hu\/index.php\/wp-json\/wp\/v2\/media?parent=2849"}],"wp:term":[{"taxonomy":"category","embeddable":true,"href":"https:\/\/www.leinerlaura.hu\/index.php\/wp-json\/wp\/v2\/categories?post=2849"},{"taxonomy":"post_tag","embeddable":true,"href":"https:\/\/www.leinerlaura.hu\/index.php\/wp-json\/wp\/v2\/tags?post=2849"}],"curies":[{"name":"wp","href":"https:\/\/api.w.org\/{rel}","templated":true}]}}