{"id":2952,"date":"2025-11-22T11:32:18","date_gmt":"2025-11-22T10:32:18","guid":{"rendered":"https:\/\/www.leinerlaura.hu\/?p=2952"},"modified":"2025-11-22T11:33:00","modified_gmt":"2025-11-22T10:33:00","slug":"erkezik-a-londonsztori-szlovak-nyelvu-kiadasa","status":"publish","type":"post","link":"https:\/\/www.leinerlaura.hu\/index.php\/2025\/11\/22\/erkezik-a-londonsztori-szlovak-nyelvu-kiadasa\/","title":{"rendered":"\u00c9rkezik a Londonsztori szlov\u00e1k nyelv\u0171 kiad\u00e1sa"},"content":{"rendered":"\n<p>Szinte m\u00e9g mindig alig hiszem el, de december 5-\u00e9n megjelenik a Londonsztori szlov\u00e1k nyelven, amivel Aliz \u00e9s Gavin t\u00f6rt\u00e9nete az els\u0151 k\u00fclf\u00f6ldi kiadv\u00e1nyomm\u00e1 v\u00e1lik. Fogadj\u00e1tok sok szeretettel a szlov\u00e1k kiad\u00e1s bor\u00edt\u00f3j\u00e1t \u00e9s le\u00edr\u00e1s\u00e1t, valamint a c\u00edmet, ami <em>London story &#8211; L\u00e1ska z oblakov<\/em> lett, ami azt jelenti: Londonsztori &#8211; Szerelem a felh\u0151kb\u0151l \ud83e\udd79\u2764\ufe0f<\/p>\n\n\n\n<figure class=\"wp-block-image size-large\"><img fetchpriority=\"high\" decoding=\"async\" width=\"1170\" height=\"730\" src=\"https:\/\/www.leinerlaura.hu\/wp-content\/uploads\/2025\/11\/IMG_7498-1170x730.jpeg\" alt=\"\" class=\"wp-image-2953\"\/><\/figure>\n\n\n<div class=\"wp-block-image\">\n<figure class=\"aligncenter size-full is-resized\"><img decoding=\"async\" width=\"1654\" height=\"2480\" src=\"https:\/\/www.leinerlaura.hu\/wp-content\/uploads\/2025\/11\/IMG_2547.jpeg\" alt=\"\" class=\"wp-image-2954\" style=\"width:496px;height:auto\" srcset=\"https:\/\/www.leinerlaura.hu\/wp-content\/uploads\/2025\/11\/IMG_2547.jpeg 1654w, https:\/\/www.leinerlaura.hu\/wp-content\/uploads\/2025\/11\/IMG_2547-768x1152.jpeg 768w, https:\/\/www.leinerlaura.hu\/wp-content\/uploads\/2025\/11\/IMG_2547-1024x1536.jpeg 1024w, https:\/\/www.leinerlaura.hu\/wp-content\/uploads\/2025\/11\/IMG_2547-1366x2048.jpeg 1366w, https:\/\/www.leinerlaura.hu\/wp-content\/uploads\/2025\/11\/IMG_2547-585x877.jpeg 585w\" sizes=\"(max-width: 1654px) 100vw, 1654px\" \/><\/figure>\n<\/div>\n\n<div class=\"wp-block-image\">\n<figure class=\"aligncenter size-full is-resized\"><img decoding=\"async\" width=\"1654\" height=\"2480\" src=\"https:\/\/www.leinerlaura.hu\/wp-content\/uploads\/2025\/11\/IMG_2546.jpeg\" alt=\"\" class=\"wp-image-2955\" style=\"width:500px;height:auto\" srcset=\"https:\/\/www.leinerlaura.hu\/wp-content\/uploads\/2025\/11\/IMG_2546.jpeg 1654w, https:\/\/www.leinerlaura.hu\/wp-content\/uploads\/2025\/11\/IMG_2546-768x1152.jpeg 768w, https:\/\/www.leinerlaura.hu\/wp-content\/uploads\/2025\/11\/IMG_2546-1024x1536.jpeg 1024w, https:\/\/www.leinerlaura.hu\/wp-content\/uploads\/2025\/11\/IMG_2546-1366x2048.jpeg 1366w, https:\/\/www.leinerlaura.hu\/wp-content\/uploads\/2025\/11\/IMG_2546-585x877.jpeg 585w\" sizes=\"(max-width: 1654px) 100vw, 1654px\" \/><\/figure>\n<\/div>\n\n\n<p>A k\u00f6tet a kiad\u00f3 profilj\u00e1ba ill\u0151en \u00e9ldekor\u00e1lt lett.<\/p>\n\n\n\n<p>A <em>London story &#8211; L\u00e1ska z oblakov<\/em> december 5-\u00e9n jelenik meg, a k\u00f6tet kedvezm\u00e9nnyel el\u0151rendelhet\u0151 a <a href=\"https:\/\/www.zelenykocur.sk\/products\/london-story-laska-z-oblakov\" target=\"_blank\" rel=\"noreferrer noopener\">Zeleny Koc\u00far<\/a> kiad\u00f3 oldal\u00e1n. <a href=\"https:\/\/www.zelenykocur.sk\/products\/london-story-laska-z-oblakov\" target=\"_blank\" rel=\"noreferrer noopener\">EL\u0150RENDEL\u00c9S ITT<\/a><\/p>\n\n\n\n<p><em>Rengeteg k\u00e9rd\u00e9s \u00e9rkezik, \u00e9s igen, tervezz\u00fck, hogy lesz bel\u0151le az L&amp;L-ben is azok sz\u00e1m\u00e1ra, akik szeretn\u00e9k a gy\u0171jtem\u00e9ny\u00fckbe<\/em> \ud83e\udd70<\/p>\n\n\n\n<p>December 5-\u00e9n teh\u00e1t elindul a Londonsztori szlov\u00e1k nyelven egy \u00faj kalandra, \u00e9n pedig hat\u00e1rtalan h\u00e1l\u00e1t \u00e9s boldogs\u00e1got \u00e9rzek, \u00e9s nem gy\u0151z\u00f6m megk\u00f6sz\u00f6nni azt a rengeteg gratul\u00e1ci\u00f3t \u00e9s drukkol\u00e1st, amit az elm\u00falt napokban kaptam t\u0151letek. Sz\u00edvb\u0151l k\u00f6sz\u00f6n\u00f6m!<\/p>\n\n\n\n\n","protected":false},"excerpt":{"rendered":"<p>Szinte m\u00e9g mindig alig hiszem el, de december 5-\u00e9n megjelenik a Londonsztori szlov\u00e1k nyelven, amivel Aliz \u00e9s Gavin t\u00f6rt\u00e9nete az els\u0151 k\u00fclf\u00f6ldi kiadv\u00e1nyomm\u00e1 v\u00e1lik. Fogadj\u00e1tok sok szeretettel a szlov\u00e1k kiad\u00e1s bor\u00edt\u00f3j\u00e1t \u00e9s le\u00edr\u00e1s\u00e1t, valamint a c\u00edmet, ami London story &#8211; L\u00e1ska z oblakov lett, ami azt jelenti: Londonsztori &#8211; Szerelem a felh\u0151kb\u0151l \ud83e\udd79\u2764\ufe0f A k\u00f6tet<\/p>\n","protected":false},"author":2,"featured_media":2953,"comment_status":"closed","ping_status":"open","sticky":false,"template":"","format":"standard","meta":{"_jetpack_memberships_contains_paid_content":false,"footnotes":""},"categories":[1],"tags":[],"class_list":["post-2952","post","type-post","status-publish","format-standard","has-post-thumbnail","hentry","category-egyeb"],"jetpack_featured_media_url":"https:\/\/www.leinerlaura.hu\/wp-content\/uploads\/2025\/11\/IMG_7498.jpeg","jetpack_sharing_enabled":true,"_links":{"self":[{"href":"https:\/\/www.leinerlaura.hu\/index.php\/wp-json\/wp\/v2\/posts\/2952","targetHints":{"allow":["GET"]}}],"collection":[{"href":"https:\/\/www.leinerlaura.hu\/index.php\/wp-json\/wp\/v2\/posts"}],"about":[{"href":"https:\/\/www.leinerlaura.hu\/index.php\/wp-json\/wp\/v2\/types\/post"}],"author":[{"embeddable":true,"href":"https:\/\/www.leinerlaura.hu\/index.php\/wp-json\/wp\/v2\/users\/2"}],"replies":[{"embeddable":true,"href":"https:\/\/www.leinerlaura.hu\/index.php\/wp-json\/wp\/v2\/comments?post=2952"}],"version-history":[{"count":3,"href":"https:\/\/www.leinerlaura.hu\/index.php\/wp-json\/wp\/v2\/posts\/2952\/revisions"}],"predecessor-version":[{"id":2958,"href":"https:\/\/www.leinerlaura.hu\/index.php\/wp-json\/wp\/v2\/posts\/2952\/revisions\/2958"}],"wp:featuredmedia":[{"embeddable":true,"href":"https:\/\/www.leinerlaura.hu\/index.php\/wp-json\/wp\/v2\/media\/2953"}],"wp:attachment":[{"href":"https:\/\/www.leinerlaura.hu\/index.php\/wp-json\/wp\/v2\/media?parent=2952"}],"wp:term":[{"taxonomy":"category","embeddable":true,"href":"https:\/\/www.leinerlaura.hu\/index.php\/wp-json\/wp\/v2\/categories?post=2952"},{"taxonomy":"post_tag","embeddable":true,"href":"https:\/\/www.leinerlaura.hu\/index.php\/wp-json\/wp\/v2\/tags?post=2952"}],"curies":[{"name":"wp","href":"https:\/\/api.w.org\/{rel}","templated":true}]}}