{"id":3364,"date":"2026-09-05T11:58:02","date_gmt":"2026-09-05T09:58:02","guid":{"rendered":"https:\/\/www.leinerlaura.hu\/?p=3364"},"modified":"2026-09-05T11:58:04","modified_gmt":"2026-09-05T09:58:04","slug":"ll-olvasok-talalkozoja-halloween-2026","status":"publish","type":"post","link":"https:\/\/www.leinerlaura.hu\/index.php\/2026\/09\/05\/ll-olvasok-talalkozoja-halloween-2026\/","title":{"rendered":"LL olvas\u00f3k tal\u00e1lkoz\u00f3ja &#8211; Halloween 2026"},"content":{"rendered":"\n<p class=\"wp-block-paragraph\">\u00d3ri\u00e1si \u00f6r\u00f6mmel szeretn\u00e9m bejelenteni az idei \u00e9v LL olvas\u00f3k tal\u00e1lkoz\u00f3j\u00e1t, ami a legnagyobb De\u00e1k id\u0151szakra esik, \u00e9s a tematik\u00e1ja az els\u0151 r\u00e9szhez passzol\u00f3an a Halloween.<\/p>\n\n\n\n<p class=\"wp-block-paragraph\"><strong>A tal\u00e1lkoz\u00f3 okt\u00f3ber 25-\u00e9n lesz 10h-t\u00f3l 16h-ig az Akv\u00e1riumban.<\/strong><\/p>\n\n\n\n<p class=\"wp-block-paragraph\">A bel\u00e9p\u0151 \u00e1ra 9450 Ft, \u00e9s szeptember 19-t\u0151l v\u00e1s\u00e1rolhat\u00f3, kiz\u00e1r\u00f3lag az <a href=\"https:\/\/www.llkonyvesbolt.hu\/\" target=\"_blank\" rel=\"noopener\">llkonyvesbolt.hu<\/a> webshopon.<\/p>\n\n\n\n<p class=\"wp-block-paragraph\">A megv\u00e1s\u00e1rolt bel\u00e9p\u0151 tartalmazza a r\u00e9szv\u00e9telt az eg\u00e9sznapos rendezv\u00e9nyen, a ruhat\u00e1r \u00e1r\u00e1t, a tombol\u00e1t, valamint az \u00e9rkez\u00e9skor kiosztott aj\u00e1nd\u00e9kot, ami egy kiz\u00e1r\u00f3lag erre az LL olvas\u00f3k Halloween tal\u00e1lkoz\u00f3j\u00e1ra k\u00e9sz\u00fclt v\u00e1szont\u00e1ska eml\u00e9kbe, \u00e9s egy (k\u00f6nyvjelz\u0151k\u00e9nt is haszn\u00e1lhat\u00f3) k\u00e1rtya a tal\u00e1lkoz\u00f3 programj\u00e1val, a m\u00e1sik oldal\u00e1n pedig al\u00e1\u00edr\u00e1ssal.<br><\/p>\n\n\n\n<figure class=\"wp-block-image size-full is-resized\"><img fetchpriority=\"high\" decoding=\"async\" width=\"1920\" height=\"1920\" src=\"https:\/\/www.leinerlaura.hu\/wp-content\/uploads\/2026\/09\/IMG_9589.jpeg\" alt=\"\" class=\"wp-image-3380\" style=\"width:684px;height:auto\" srcset=\"https:\/\/www.leinerlaura.hu\/wp-content\/uploads\/2026\/09\/IMG_9589.jpeg 1920w, https:\/\/www.leinerlaura.hu\/wp-content\/uploads\/2026\/09\/IMG_9589-160x160.jpeg 160w, https:\/\/www.leinerlaura.hu\/wp-content\/uploads\/2026\/09\/IMG_9589-768x768.jpeg 768w, https:\/\/www.leinerlaura.hu\/wp-content\/uploads\/2026\/09\/IMG_9589-1536x1536.jpeg 1536w, https:\/\/www.leinerlaura.hu\/wp-content\/uploads\/2026\/09\/IMG_9589-585x585.jpeg 585w\" sizes=\"(max-width: 1920px) 100vw, 1920px\" \/><figcaption class=\"wp-element-caption\">A v\u00e1szont\u00e1ska k\u00e9pe illusztr\u00e1ci\u00f3<\/figcaption><\/figure>\n\n\n\n<p class=\"wp-block-paragraph\">FONTOS! A jegyet kiz\u00e1r\u00f3lag el\u0151v\u00e9telben lehet megv\u00e1s\u00e1rolni, a helysz\u00ednen nem lesz kaphat\u00f3. Szeptember 19-\u00e9n indul az \u00e9rt\u00e9kes\u00edt\u00e9s az&nbsp;<a href=\"https:\/\/www.llkonyvesbolt.hu\/\" target=\"_blank\" rel=\"noopener\">llkonyvesbolt.hu<\/a>&nbsp;oldalon.<\/p>\n\n\n\n<p class=\"wp-block-paragraph\">A tal\u00e1lkoz\u00f3ra az el\u0151v\u00e9telben megv\u00e1s\u00e1rolt online jegyekr\u0151l visszaigazol\u00f3 email \u00e9rkezik, amit a helysz\u00ednen ellen\u0151rz\u00fcnk, \u00e9s bel\u00e9p\u00e9sre jogos\u00edt\u00f3 karszalagra cser\u00e9l\u00fcnk. A k\u00eds\u00e9r\u0151knek, illetve az olvas\u00f3k\u00e9rt \u00e9rkez\u0151 sz\u00fcl\u0151knek az Akv\u00e1rium el\u0151ter\u00e9ben lesz lehet\u0151s\u00e9g\u00fck v\u00e1rakozni, de a nagyterem csak megv\u00e1s\u00e1rolt bel\u00e9p\u0151jeggyel l\u00e1togathat\u00f3. A rendezv\u00e9ny 12 \u00e9ves kort\u00f3l aj\u00e1nlott. A kapunyit\u00e1s 9:00-kor kezd\u0151dik, az utols\u00f3 programnak pedig 16:00-kor van v\u00e9ge.<\/p>\n\n\n\n<p class=\"wp-block-paragraph\">Az elm\u00falt tal\u00e1lkoz\u00f3k alkalm\u00e1val a jegy\u00e9rt\u00e9kes\u00edt\u00e9s megkezd\u00e9s\u00e9t k\u00f6vet\u0151en nagyon hamar elfogytak a bel\u00e9p\u0151k,&nbsp;\u00edgy akit \u00e9rdekel az esem\u00e9ny, vagy szeretne j\u00f6nni, \u00e9rdemes id\u0151ben megvenni a jegyet, mert el\u0151fordulhat, hogy a nagy \u00e9rdekl\u0151d\u00e9sre val\u00f3 tekintettel hamar telth\u00e1zas lesz.<\/p>\n\n\n\n<p class=\"wp-block-paragraph\">Az okt\u00f3ber 25-\u00e9n megrendez\u00e9sre ker\u00fcl\u0151 tal\u00e1lkoz\u00f3 tematik\u00e1ja a Halloween, ami az \u00f6r\u00f6k szem\u00e9lyes kedvencem, \u00e9s a kor\u00e1bbi \u00e9vek alapj\u00e1n mindig az egyik legjobb hangulat\u00fa rendezv\u00e9ny szokott lenni, k\u00f6sz\u00f6nhet\u0151en a jelmezeknek, amit EZ\u00daTTAL IS K\u00c9R\u00dcNK MINDENKIT\u0150L, hogy amennyiben lehets\u00e9ges, gyertek be\u00f6lt\u00f6zve, egyr\u00e9szt, mert lesz jelmezverseny, m\u00e1sr\u00e9szt, mert az LL Halloween tal\u00e1lkoz\u00f3 azon kev\u00e9s esem\u00e9nyek egyike, ahol b\u00e1tran be\u00f6lt\u00f6zhettek, nem lesz fura, egy kicsit sem. :)) A v\u00e1lasztott halloween jelmez lehet kedves, de lehet horror is, be\u00f6lt\u00f6zhettek p\u00e1rban, csapatban, de j\u00f6hettek sz\u00f3l\u00f3 koszt\u00fcmben is, a l\u00e9nyeg, hogy legy\u00fcnk min\u00e9l t\u00f6bben jelmezben, mert az \u00fagy hangulatos, l\u00e1tv\u00e1nyos, \u00e9s persze vicces is.<\/p>\n\n\n\n<p class=\"wp-block-paragraph\">A programokr\u00f3l b\u0151vebben:<\/p>\n\n\n\n<figure class=\"wp-block-image size-full is-resized\"><img decoding=\"async\" width=\"1440\" height=\"1920\" src=\"https:\/\/www.leinerlaura.hu\/wp-content\/uploads\/2026\/09\/IMG_9588.jpeg\" alt=\"\" class=\"wp-image-3379\" style=\"aspect-ratio:0.7500066964883615;width:596px;height:auto\" srcset=\"https:\/\/www.leinerlaura.hu\/wp-content\/uploads\/2026\/09\/IMG_9588.jpeg 1440w, https:\/\/www.leinerlaura.hu\/wp-content\/uploads\/2026\/09\/IMG_9588-768x1024.jpeg 768w, https:\/\/www.leinerlaura.hu\/wp-content\/uploads\/2026\/09\/IMG_9588-1152x1536.jpeg 1152w, https:\/\/www.leinerlaura.hu\/wp-content\/uploads\/2026\/09\/IMG_9588-585x780.jpeg 585w\" sizes=\"(max-width: 1440px) 100vw, 1440px\" \/><\/figure>\n\n\n\n<p class=\"wp-block-paragraph\">10h-t\u00f3l kezd\u0151dnek a nagyteremben a m\u0171sorok, egy r\u00f6vid k\u00f6sz\u00f6nt\u0151 ut\u00e1n egy kis j\u00e1t\u00e9k, aminek a neve <em>Melyik LL zene?<\/em>, \u00e9s ahol r\u00f6gt\u00f6n lesz lehet\u0151s\u00e9g ismerkedni, vagy csapatokba \u00f6ssze\u00e1llni, \u00edgy aki egyed\u00fcl \u00e9rkezik, \u00e9s szeretne, csatlakozhat m\u00e1sokhoz a j\u00e1t\u00e9kra. Ut\u00e1na egy&nbsp;<em>K\u00e9rdezz-felelek<\/em>&nbsp;lesz velem, itt olvas\u00f3i k\u00e9rd\u00e9sekre v\u00e1laszolok, amiket feltesztek nekem. Ezut\u00e1n egy f\u00e9l\u00f3r\u00e1s <em>Sz\u00fcnet<\/em>&nbsp;k\u00f6vetkezik, hogy tudjatok nyugodtan enni-inni, besz\u00e9lgetni, kicsit ismerkedni, zen\u00e9t hallgatni (zene a programok k\u00f6z\u00f6tt \u00e9s a sz\u00fcnetben is v\u00e9gig sz\u00f3l), \u00e9s akinek sz\u00fcks\u00e9ges, m\u00e9g tud t\u00f6k\u00e9letes\u00edteni a halloween sminkj\u00e9n. :))<\/p>\n\n\n\n<p class=\"wp-block-paragraph\">A sz\u00fcnet ut\u00e1n j\u00f6n a <em>Halloween jelmezverseny<\/em> (ti szavaztok a nyertesekr\u0151l, a d\u00edj pedig mindig egy jelk\u00e9pes kupa), ezt k\u00f6vet\u0151en pedig egy kis rendez\u0151d\u00e9s ut\u00e1n k\u00f6vetkezik a legjobban v\u00e1rt, \u00e9s legl\u00e1tv\u00e1nyosabb program, a k\u00f6z\u00f6s <em>t\u00e1nc<\/em>, ahol betan\u00edtanak egy koreogr\u00e1fi\u00e1t, \u00e9s egy\u00fctt elt\u00e1ncolj\u00e1k az olvas\u00f3k. A \u201cLivies\u201d elnevez\u00e9s besz\u00e9des, szerintem k\u00f6nnyen kital\u00e1lj\u00e1tok, milyen sz\u00e1mokra lesz a bemeleg\u00edt\u00e9s \u00e9s a kore\u00f3, az biztos, hogy nagy az expectations, \u00e9s hogy nagyon stupid lesz, szinte drop dead. \ud83d\ude00<\/p>\n\n\n\n<p class=\"wp-block-paragraph\">A t\u00e1nc ut\u00e1n <em>p\u00f3diumbesz\u00e9lget\u00e9s<\/em> k\u00f6vetkezik, ahol k\u00f6zel egy \u00e9v t\u00e1vlat\u00e1b\u00f3l \u00fajra besz\u00e9lget\u00fcnk egy nagyot, f\u0151leg arr\u00f3l, hogy mennyi minden t\u00f6rt\u00e9nt az\u00f3ta. A besz\u00e9lget\u00e9s ut\u00e1n <em>tombol\u00e1t<\/em> sorsolunk (tartalmazza a bel\u00e9p\u0151), majd egy b\u00facs\u00faz\u00e1st k\u00f6vet\u0151en v\u00e9get \u00e9r a rendezv\u00e9ny.<\/p>\n\n\n\n<p class=\"wp-block-paragraph\"><strong>Fontos! A tal\u00e1lkoz\u00f3 programj\u00e1ban nem szerepel a dedik\u00e1l\u00e1s, a helysz\u00ednt pedig 16h-kor el kell hagyni, \u00edgy azt k\u00e9rn\u00e9m hogy senki ne hozzon mag\u00e1val k\u00f6nyveket, mert sajnos nem lesz r\u00e1 id\u0151. \u00c9n v\u00e9gig ott leszek, fogunk besz\u00e9lgetni, aki szeretne, fot\u00f3zkodni is, de ez nem az \u00f3r\u00e1kig sorban\u00e1ll\u00f3s esem\u00e9ny, szeretn\u00e9nk, ha nem is hasonl\u00edtana a dedik\u00e1l\u00e1sokra, \u00edgy abban az esetben, ha valaki k\u00f6nyvdedik\u00e1l\u00e1sra j\u00f6nne, \u00e9rdemes egy m\u00e1sik alkalmat v\u00e1lasztani, mert ez ink\u00e1bb k\u00f6z\u00f6ns\u00e9gtal\u00e1lkoz\u00f3 \u00e9s olvas\u00f3i nap.<\/strong><\/p>\n\n\n\n<p class=\"wp-block-paragraph\">A tal\u00e1lkoz\u00f3ra most is kitelep\u00fcl az L&amp;L k\u00f6nyvesbolt, \u00edgy a helysz\u00ednen kaphat\u00f3 lesz minden k\u00f6nyvem, ott lesz m\u00e1r a Szerelem alakul VALAHOL a De\u00e1kban is, \u00e9s persze a csak L&amp;L k\u00f6nyvesboltban kaphat\u00f3 Londonsztori, Random, K\u00f6zhelyek, Remek is, valamint megv\u00e1s\u00e1rolhat\u00f3 lesz a helysz\u00ednen a reg\u00e9nyeimhez tartoz\u00f3 t\u00f6bb kieg\u00e9sz\u00edt\u0151 term\u00e9k, halloween zs\u00e1kbamacska \u00e9s t\u00f6bb angol \u00e9s magyar nyelv\u0171 sikerk\u00f6nyv is.<\/p>\n\n\n\n<p class=\"wp-block-paragraph\">\u0150szim\u00e1d\u00f3k\u00e9nt \u00e9s halloween rajong\u00f3k\u00e9nt elmondhatatlanul v\u00e1rom a k\u00f6z\u00f6s napot, \u00e9s a jelmezeket!<\/p>\n\n\n\n<figure class=\"wp-block-image size-full is-resized\"><img decoding=\"async\" width=\"1260\" height=\"915\" src=\"https:\/\/www.leinerlaura.hu\/wp-content\/uploads\/2026\/09\/IMG_5926.jpeg\" alt=\"\" class=\"wp-image-3369\" style=\"aspect-ratio:1.3770717552746767;width:514px;height:auto\" srcset=\"https:\/\/www.leinerlaura.hu\/wp-content\/uploads\/2026\/09\/IMG_5926.jpeg 1260w, https:\/\/www.leinerlaura.hu\/wp-content\/uploads\/2026\/09\/IMG_5926-768x558.jpeg 768w, https:\/\/www.leinerlaura.hu\/wp-content\/uploads\/2026\/09\/IMG_5926-585x425.jpeg 585w\" sizes=\"(max-width: 1260px) 100vw, 1260px\" \/><figcaption class=\"wp-element-caption\">Egy kor\u00e1bbi LL halloween tal\u00e1lkoz\u00f3n \ud83d\ude00<\/figcaption><\/figure>\n\n\n\n<p class=\"wp-block-paragraph\">Szeptember 19-\u00e9n a szok\u00e1sos 00:00 id\u0151ponttal (vagyis p\u00e9ntekr\u0151l szombatra) indul a jegyv\u00e1s\u00e1rl\u00e1s az&nbsp;<a href=\"https:\/\/www.llkonyvesbolt.hu\/\" target=\"_blank\" rel=\"noopener\">llkonyvesbolt.hu<\/a>&nbsp;oldalon.<\/p>\n\n\n\n<p class=\"wp-block-paragraph\">Alig v\u00e1rom, nagyon \u201cde\u00e1kos\u201d lesz halloweenezni pont a k\u00f6nyv helysz\u00edn\u00e9n, \u00e9s pont akkor, amikor a Mindig t\u00f6rt\u00e9nik VALAMI a De\u00e1kban j\u00e1tsz\u00f3dik. \ud83e\udd79<\/p>\n\n\n\n<p class=\"wp-block-paragraph\"><\/p>\n","protected":false},"excerpt":{"rendered":"<p>\u00d3ri\u00e1si \u00f6r\u00f6mmel szeretn\u00e9m bejelenteni az idei \u00e9v LL olvas\u00f3k tal\u00e1lkoz\u00f3j\u00e1t, ami a legnagyobb De\u00e1k id\u0151szakra esik, \u00e9s a tematik\u00e1ja az els\u0151 r\u00e9szhez passzol\u00f3an a Halloween. A tal\u00e1lkoz\u00f3 okt\u00f3ber 25-\u00e9n lesz 10h-t\u00f3l 16h-ig az Akv\u00e1riumban. A bel\u00e9p\u0151 \u00e1ra 9450 Ft, \u00e9s szeptember 19-t\u0151l v\u00e1s\u00e1rolhat\u00f3, kiz\u00e1r\u00f3lag az llkonyvesbolt.hu webshopon. A megv\u00e1s\u00e1rolt bel\u00e9p\u0151 tartalmazza a r\u00e9szv\u00e9telt az eg\u00e9sznapos<\/p>\n","protected":false},"author":2,"featured_media":3381,"comment_status":"closed","ping_status":"open","sticky":false,"template":"","format":"standard","meta":{"_jetpack_newsletter_access":"","_jetpack_dont_email_post_to_subs":false,"_jetpack_newsletter_tier_id":0,"_jetpack_memberships_contains_paywalled_content":false,"_jetpack_feature_clip_id":0,"_jetpack_memberships_contains_paid_content":false,"footnotes":"","jetpack_post_was_ever_published":false},"categories":[13],"tags":[39],"class_list":["post-3364","post","type-post","status-publish","format-standard","has-post-thumbnail","hentry","category-blogbejegyzes","tag-ll-talalkozo"],"jetpack_sharing_enabled":true,"jetpack_featured_media_url":"https:\/\/www.leinerlaura.hu\/wp-content\/uploads\/2026\/09\/IMG_9591.jpeg","_links":{"self":[{"href":"https:\/\/www.leinerlaura.hu\/index.php\/wp-json\/wp\/v2\/posts\/3364","targetHints":{"allow":["GET"]}}],"collection":[{"href":"https:\/\/www.leinerlaura.hu\/index.php\/wp-json\/wp\/v2\/posts"}],"about":[{"href":"https:\/\/www.leinerlaura.hu\/index.php\/wp-json\/wp\/v2\/types\/post"}],"author":[{"embeddable":true,"href":"https:\/\/www.leinerlaura.hu\/index.php\/wp-json\/wp\/v2\/users\/2"}],"replies":[{"embeddable":true,"href":"https:\/\/www.leinerlaura.hu\/index.php\/wp-json\/wp\/v2\/comments?post=3364"}],"version-history":[{"count":14,"href":"https:\/\/www.leinerlaura.hu\/index.php\/wp-json\/wp\/v2\/posts\/3364\/revisions"}],"predecessor-version":[{"id":3386,"href":"https:\/\/www.leinerlaura.hu\/index.php\/wp-json\/wp\/v2\/posts\/3364\/revisions\/3386"}],"wp:featuredmedia":[{"embeddable":true,"href":"https:\/\/www.leinerlaura.hu\/index.php\/wp-json\/wp\/v2\/media\/3381"}],"wp:attachment":[{"href":"https:\/\/www.leinerlaura.hu\/index.php\/wp-json\/wp\/v2\/media?parent=3364"}],"wp:term":[{"taxonomy":"category","embeddable":true,"href":"https:\/\/www.leinerlaura.hu\/index.php\/wp-json\/wp\/v2\/categories?post=3364"},{"taxonomy":"post_tag","embeddable":true,"href":"https:\/\/www.leinerlaura.hu\/index.php\/wp-json\/wp\/v2\/tags?post=3364"}],"curies":[{"name":"wp","href":"https:\/\/api.w.org\/{rel}","templated":true}]}}