{"id":339,"date":"2023-01-17T23:14:27","date_gmt":"2023-01-17T22:14:27","guid":{"rendered":"https:\/\/www.leinerlaura.hu\/?p=339"},"modified":"2023-02-03T13:33:09","modified_gmt":"2023-02-03T12:33:09","slug":"podcast","status":"publish","type":"post","link":"https:\/\/www.leinerlaura.hu\/index.php\/2023\/01\/17\/podcast\/","title":{"rendered":"Podcast"},"content":{"rendered":"\n<p>N\u00e9h\u00e1ny napja vend\u00e9g voltam&nbsp;<a rel=\"noreferrer noopener\" href=\"https:\/\/www.instagram.com\/biribalazs\/\" target=\"_blank\">Biri Bal\u00e1zs<\/a>&nbsp;Podcastj\u00e9ben, ma pedig felker\u00fclt a felv\u00e9tel a&nbsp;<a rel=\"noreferrer noopener\" href=\"https:\/\/www.youtube.com\/watch?v=A0Lrasf9F2w&amp;t=276s\" target=\"_blank\">YouTube-ra<\/a>.<\/p>\n\n\n\n<p>Nagyon sz\u00e9pen k\u00f6sz\u00f6n\u00f6m mindenkinek, aki megn\u00e9zi, nagyon szerettem a besz\u00e9lget\u00e9st, amib\u0151l v\u00e9g\u00fcl egy k\u00f6zel m\u00e1sf\u00e9l \u00f3r\u00e1s filmes-k\u00f6nyves eszmecsere lett, amit sz\u00f6rnyen \u00e9lveztem, \u00e9s biztos, hogy lesz folytat\u00e1sa.&nbsp;<\/p>\n\n\n\n<figure class=\"wp-block-embed is-type-video is-provider-youtube wp-block-embed-youtube wp-embed-aspect-16-9 wp-has-aspect-ratio\"><div class=\"wp-block-embed__wrapper\">\n<div class=\"video-container\"><iframe title=\"Biri Bal\u00e1zs Podcast #30 Leiner Laura\" width=\"845\" height=\"475\" src=\"https:\/\/www.youtube.com\/embed\/A0Lrasf9F2w?feature=oembed\" frameborder=\"0\" allow=\"accelerometer; autoplay; clipboard-write; encrypted-media; gyroscope; picture-in-picture; web-share\" allowfullscreen><\/iframe><\/div>\n<\/div><\/figure>\n\n\n\n<p>Mivel nem annyira vagyok rutinos az ilyen felv\u00e9telekkel, borzaszt\u00f3an izgultam, sz\u00f3val eln\u00e9z\u00e9st, ha ez l\u00e1tszik, legk\u00f6zelebb m\u00e1r jobban fog menni.&nbsp;<\/p>\n","protected":false},"excerpt":{"rendered":"<p>N\u00e9h\u00e1ny napja vend\u00e9g voltam&nbsp;Biri Bal\u00e1zs&nbsp;Podcastj\u00e9ben, ma pedig felker\u00fclt a felv\u00e9tel a&nbsp;YouTube-ra. Nagyon sz\u00e9pen k\u00f6sz\u00f6n\u00f6m mindenkinek, aki megn\u00e9zi, nagyon szerettem a besz\u00e9lget\u00e9st, amib\u0151l v\u00e9g\u00fcl egy k\u00f6zel m\u00e1sf\u00e9l \u00f3r\u00e1s filmes-k\u00f6nyves eszmecsere lett, amit sz\u00f6rnyen \u00e9lveztem, \u00e9s biztos, hogy lesz folytat\u00e1sa.&nbsp; Mivel nem annyira vagyok rutinos az ilyen felv\u00e9telekkel, borzaszt\u00f3an izgultam, sz\u00f3val eln\u00e9z\u00e9st, ha ez l\u00e1tszik, legk\u00f6zelebb m\u00e1r<\/p>\n","protected":false},"author":2,"featured_media":594,"comment_status":"closed","ping_status":"closed","sticky":false,"template":"","format":"standard","meta":{"_jetpack_memberships_contains_paid_content":false,"footnotes":""},"categories":[13],"tags":[17],"class_list":["post-339","post","type-post","status-publish","format-standard","has-post-thumbnail","hentry","category-blogbejegyzes","tag-interju"],"jetpack_featured_media_url":"https:\/\/www.leinerlaura.hu\/wp-content\/uploads\/2023\/01\/D6475CEE-DDD7-4831-BAA0-E9B5876BAB8D.jpeg","jetpack_sharing_enabled":true,"_links":{"self":[{"href":"https:\/\/www.leinerlaura.hu\/index.php\/wp-json\/wp\/v2\/posts\/339","targetHints":{"allow":["GET"]}}],"collection":[{"href":"https:\/\/www.leinerlaura.hu\/index.php\/wp-json\/wp\/v2\/posts"}],"about":[{"href":"https:\/\/www.leinerlaura.hu\/index.php\/wp-json\/wp\/v2\/types\/post"}],"author":[{"embeddable":true,"href":"https:\/\/www.leinerlaura.hu\/index.php\/wp-json\/wp\/v2\/users\/2"}],"replies":[{"embeddable":true,"href":"https:\/\/www.leinerlaura.hu\/index.php\/wp-json\/wp\/v2\/comments?post=339"}],"version-history":[{"count":9,"href":"https:\/\/www.leinerlaura.hu\/index.php\/wp-json\/wp\/v2\/posts\/339\/revisions"}],"predecessor-version":[{"id":595,"href":"https:\/\/www.leinerlaura.hu\/index.php\/wp-json\/wp\/v2\/posts\/339\/revisions\/595"}],"wp:featuredmedia":[{"embeddable":true,"href":"https:\/\/www.leinerlaura.hu\/index.php\/wp-json\/wp\/v2\/media\/594"}],"wp:attachment":[{"href":"https:\/\/www.leinerlaura.hu\/index.php\/wp-json\/wp\/v2\/media?parent=339"}],"wp:term":[{"taxonomy":"category","embeddable":true,"href":"https:\/\/www.leinerlaura.hu\/index.php\/wp-json\/wp\/v2\/categories?post=339"},{"taxonomy":"post_tag","embeddable":true,"href":"https:\/\/www.leinerlaura.hu\/index.php\/wp-json\/wp\/v2\/tags?post=339"}],"curies":[{"name":"wp","href":"https:\/\/api.w.org\/{rel}","templated":true}]}}