{"id":646,"date":"2022-03-17T13:45:49","date_gmt":"2022-03-17T12:45:49","guid":{"rendered":"https:\/\/www.leinerlaura.hu\/?p=646"},"modified":"2023-02-04T14:48:16","modified_gmt":"2023-02-04T13:48:16","slug":"megjelent-a-remek-ez-is-remek-egykotetes-valtozata","status":"publish","type":"post","link":"https:\/\/www.leinerlaura.hu\/index.php\/2022\/03\/17\/megjelent-a-remek-ez-is-remek-egykotetes-valtozata\/","title":{"rendered":"Megjelent a Remek! + Ez is Remek! egyk\u00f6tetes v\u00e1ltozata"},"content":{"rendered":"\n<p>A mai napon meg\u00e9rkezett a Remek! + Ez is remek! egyk\u00f6tetes v\u00e1ltozata az\u00a0<a rel=\"noreferrer noopener\" href=\"https:\/\/www.llkonyvesbolt.hu\/kategoriak\/remek-ez-is-remek\/\" target=\"_blank\">L&amp;L k\u00f6nyvesboltba\u00a0\u00e9s rendelhet\u0151 a webshopr\u00f3l is.\u00a0<\/a><\/p>\n\n\n\n<p>A k\u00e9t k\u00f6tet mostant\u00f3l csak \u00edgy, egyben \u00e9rhet\u0151 el, k\u00fcl\u00f6n\u00a0m\u00e1r nem kaphat\u00f3.<\/p>\n\n\n\n<p>A Remek! az els\u0151 reg\u00e9nyem, el\u0151sz\u00f6r 2005-ben ker\u00fclt kiad\u00e1sra, nem ifj\u00fas\u00e1gi (m\u0171faj\u00e1t tekintve legink\u00e1bb coming of age) \u00e9s 16 \u00e9ves kort\u00f3l aj\u00e1nlott (f\u0151k\u00e9nt a nyelvezete, id\u0151nk\u00e9nt pedig a tartalma miatt is). A k\u00e9tr\u00e9szes v\u00e1ltozat megjelenik ebookban is valamennyi \u00e1ruh\u00e1zban \u00e9s appon.<\/p>\n\n\n\n<p>A t\u00f6bbi SzJG el\u0151tti k\u00f6nyvemhez hasonl\u00f3an (K\u00f6zhelyek, Random) kiz\u00e1r\u00f3lag az&nbsp;<a href=\"https:\/\/www.llkonyvesbolt.hu\/\" target=\"_blank\" rel=\"noreferrer noopener\">L&amp;L k\u00f6nyvesboltban<\/a>&nbsp;kaphat\u00f3.<\/p>\n\n\n\n<p>A Remek! \u00e9s Ez is remek! egyk\u00f6tetes v\u00e1ltozata 606 oldal, az \u00e1ra 5999 Ft.&nbsp;<\/p>\n\n\n\n<p>Tartalm\u00e1t tekintve nem v\u00e1ltozott a k\u00fcl\u00f6n kiadv\u00e1nyokhoz k\u00e9pest, azonban ker\u00fclt bele egy \u00faj el\u0151sz\u00f3, amit ehhez a v\u00e1ltozathoz \u00edrtam.\u00a0<\/p>\n\n\n\n<figure class=\"wp-block-image size-full\"><img fetchpriority=\"high\" decoding=\"async\" width=\"225\" height=\"300\" src=\"https:\/\/www.leinerlaura.hu\/wp-content\/uploads\/2023\/02\/IMG_1831-225x300-1.jpg\" alt=\"\" class=\"wp-image-769\"\/><\/figure>\n\n\n\n<p>Nagyon k\u00f6sz\u00f6n\u00f6m az \u00e9rdekl\u0151d\u00e9st az egyr\u00e9szes Remek!+Ez is Remek! ir\u00e1nt, sz\u00e1momra nagyon sokat jelent ez a k\u00f6nyv, nekem itt kezd\u0151d\u00f6tt minden.<\/p>\n","protected":false},"excerpt":{"rendered":"<p>A mai napon meg\u00e9rkezett a Remek! + Ez is remek! egyk\u00f6tetes v\u00e1ltozata az\u00a0L&amp;L k\u00f6nyvesboltba\u00a0\u00e9s rendelhet\u0151 a webshopr\u00f3l is.\u00a0 A k\u00e9t k\u00f6tet mostant\u00f3l csak \u00edgy, egyben \u00e9rhet\u0151 el, k\u00fcl\u00f6n\u00a0m\u00e1r nem kaphat\u00f3. A Remek! az els\u0151 reg\u00e9nyem, el\u0151sz\u00f6r 2005-ben ker\u00fclt kiad\u00e1sra, nem ifj\u00fas\u00e1gi (m\u0171faj\u00e1t tekintve legink\u00e1bb coming of age) \u00e9s 16 \u00e9ves kort\u00f3l aj\u00e1nlott (f\u0151k\u00e9nt a nyelvezete,<\/p>\n","protected":false},"author":2,"featured_media":647,"comment_status":"closed","ping_status":"closed","sticky":false,"template":"","format":"standard","meta":{"_jetpack_memberships_contains_paid_content":false,"footnotes":""},"categories":[13],"tags":[19],"class_list":["post-646","post","type-post","status-publish","format-standard","has-post-thumbnail","hentry","category-blogbejegyzes","tag-remek"],"jetpack_featured_media_url":"https:\/\/www.leinerlaura.hu\/wp-content\/uploads\/2023\/02\/IMG_5776.png","jetpack_sharing_enabled":true,"_links":{"self":[{"href":"https:\/\/www.leinerlaura.hu\/index.php\/wp-json\/wp\/v2\/posts\/646","targetHints":{"allow":["GET"]}}],"collection":[{"href":"https:\/\/www.leinerlaura.hu\/index.php\/wp-json\/wp\/v2\/posts"}],"about":[{"href":"https:\/\/www.leinerlaura.hu\/index.php\/wp-json\/wp\/v2\/types\/post"}],"author":[{"embeddable":true,"href":"https:\/\/www.leinerlaura.hu\/index.php\/wp-json\/wp\/v2\/users\/2"}],"replies":[{"embeddable":true,"href":"https:\/\/www.leinerlaura.hu\/index.php\/wp-json\/wp\/v2\/comments?post=646"}],"version-history":[{"count":2,"href":"https:\/\/www.leinerlaura.hu\/index.php\/wp-json\/wp\/v2\/posts\/646\/revisions"}],"predecessor-version":[{"id":771,"href":"https:\/\/www.leinerlaura.hu\/index.php\/wp-json\/wp\/v2\/posts\/646\/revisions\/771"}],"wp:featuredmedia":[{"embeddable":true,"href":"https:\/\/www.leinerlaura.hu\/index.php\/wp-json\/wp\/v2\/media\/647"}],"wp:attachment":[{"href":"https:\/\/www.leinerlaura.hu\/index.php\/wp-json\/wp\/v2\/media?parent=646"}],"wp:term":[{"taxonomy":"category","embeddable":true,"href":"https:\/\/www.leinerlaura.hu\/index.php\/wp-json\/wp\/v2\/categories?post=646"},{"taxonomy":"post_tag","embeddable":true,"href":"https:\/\/www.leinerlaura.hu\/index.php\/wp-json\/wp\/v2\/tags?post=646"}],"curies":[{"name":"wp","href":"https:\/\/api.w.org\/{rel}","templated":true}]}}