{"id":652,"date":"2022-02-05T13:53:40","date_gmt":"2022-02-05T12:53:40","guid":{"rendered":"https:\/\/www.leinerlaura.hu\/?p=652"},"modified":"2023-02-03T13:57:21","modified_gmt":"2023-02-03T12:57:21","slug":"kedvenc-ll-szereplo-2022","status":"publish","type":"post","link":"https:\/\/www.leinerlaura.hu\/index.php\/2022\/02\/05\/kedvenc-ll-szereplo-2022\/","title":{"rendered":"Kedvenc LL szerepl\u0151 2022"},"content":{"rendered":"\n<p>Harmadik \u00e9ve rendezt\u00fck meg az\u00a0<a rel=\"noreferrer noopener\" href=\"https:\/\/www.instagram.com\/leinerlauraofficial\/\" target=\"_blank\">inst\u00e1mon<\/a>\u00a0a kedvenc LL karakter szavaz\u00e1st, ami h\u00e1rom \u00e9vvel ezel\u0151tt egy spont\u00e1n \u00f6tlet volt, m\u00e1ra pedig hagyom\u00e1nny\u00e1 v\u00e1lt, \u00e9s azon k\u00edv\u00fcl, hogy kider\u00fcl, ki \u00e9ppen a kedvenc LL szerepl\u0151, feldobja az unalmas febru\u00e1r elej\u00e9t. A tavaly \u00e9s tavalyel\u0151tti \u201cversenyhez\u201d hasonl\u00f3an id\u00e9n is \u00f3ri\u00e1si volt az \u00e9rdekl\u0151d\u00e9s, \u00e9s rengetegen v\u00e1rt\u00e1tok\/vettetek r\u00e9szt a sztoriban zajl\u00f3 szavaz\u00e1son, amit nagyon-nagyon k\u00f6sz\u00f6n\u00f6k. Voltak v\u00e1ratlan fordulatok, voltak szomor\u00fa kies\u00e9sek, \u00e9s meglepet\u00e9s bennmarad\u00e1sok, de ami a legfontosabb, k\u00e9t d\u00f6ntetlen \u00e9v ut\u00e1n v\u00e9gre lett v\u00e9geredm\u00e9ny, r\u00e1ad\u00e1sul nem kis meglepet\u00e9sre nem Cortez-Nagy M\u00e1rk d\u00f6nt\u0151 volt\u2026\u00a0<\/p>\n\n\n\n<p>Mutatom a r\u00e9szleteket.<\/p>\n\n\n\n<figure class=\"wp-block-image size-full is-resized\"><img fetchpriority=\"high\" decoding=\"async\" src=\"https:\/\/www.leinerlaura.hu\/wp-content\/uploads\/2023\/02\/IMG_3481.jpg\" alt=\"\" class=\"wp-image-656\" width=\"500\" height=\"611\"\/><\/figure>\n\n\n\n<p>\u00cdgy z\u00e1rult teh\u00e1t az idei kedvenc LL szerepl\u0151 szavaz\u00e1s, amit persze nem kell v\u00e9resen komolyan venni, ez csak egy kis t\u00e9l v\u00e9gi sz\u00f3rakoz\u00e1s, amit j\u00f6v\u0151re ism\u00e9t megrendez\u00fcnk majd, r\u00e1ad\u00e1sul, ahogyan azt\u00a0<a rel=\"noreferrer noopener\" href=\"https:\/\/www.instagram.com\/leinerlauraofficial\/\" target=\"_blank\">insta sztoriban<\/a>\u00a0is eml\u00edtettem, sok-sok \u00faj szerepl\u0151vel\u2026\u00a0<\/p>\n\n\n\n<p>K\u00f6sz\u00f6n\u00f6m, hogy velem voltatok a h\u00e9ten, \u00e9n nagyon j\u00f3l \u00e9reztem magam.<\/p>\n","protected":false},"excerpt":{"rendered":"<p>Harmadik \u00e9ve rendezt\u00fck meg az\u00a0inst\u00e1mon\u00a0a kedvenc LL karakter szavaz\u00e1st, ami h\u00e1rom \u00e9vvel ezel\u0151tt egy spont\u00e1n \u00f6tlet volt, m\u00e1ra pedig hagyom\u00e1nny\u00e1 v\u00e1lt, \u00e9s azon k\u00edv\u00fcl, hogy kider\u00fcl, ki \u00e9ppen a kedvenc LL szerepl\u0151, feldobja az unalmas febru\u00e1r elej\u00e9t. A tavaly \u00e9s tavalyel\u0151tti \u201cversenyhez\u201d hasonl\u00f3an id\u00e9n is \u00f3ri\u00e1si volt az \u00e9rdekl\u0151d\u00e9s, \u00e9s rengetegen v\u00e1rt\u00e1tok\/vettetek r\u00e9szt a sztoriban<\/p>\n","protected":false},"author":2,"featured_media":653,"comment_status":"closed","ping_status":"closed","sticky":false,"template":"","format":"standard","meta":{"_jetpack_memberships_contains_paid_content":false,"footnotes":""},"categories":[13],"tags":[16],"class_list":["post-652","post","type-post","status-publish","format-standard","has-post-thumbnail","hentry","category-blogbejegyzes","tag-ll-szereplo-szavazas"],"jetpack_featured_media_url":"https:\/\/www.leinerlaura.hu\/wp-content\/uploads\/2023\/02\/IMG_0665.jpeg","jetpack_sharing_enabled":true,"_links":{"self":[{"href":"https:\/\/www.leinerlaura.hu\/index.php\/wp-json\/wp\/v2\/posts\/652","targetHints":{"allow":["GET"]}}],"collection":[{"href":"https:\/\/www.leinerlaura.hu\/index.php\/wp-json\/wp\/v2\/posts"}],"about":[{"href":"https:\/\/www.leinerlaura.hu\/index.php\/wp-json\/wp\/v2\/types\/post"}],"author":[{"embeddable":true,"href":"https:\/\/www.leinerlaura.hu\/index.php\/wp-json\/wp\/v2\/users\/2"}],"replies":[{"embeddable":true,"href":"https:\/\/www.leinerlaura.hu\/index.php\/wp-json\/wp\/v2\/comments?post=652"}],"version-history":[{"count":2,"href":"https:\/\/www.leinerlaura.hu\/index.php\/wp-json\/wp\/v2\/posts\/652\/revisions"}],"predecessor-version":[{"id":657,"href":"https:\/\/www.leinerlaura.hu\/index.php\/wp-json\/wp\/v2\/posts\/652\/revisions\/657"}],"wp:featuredmedia":[{"embeddable":true,"href":"https:\/\/www.leinerlaura.hu\/index.php\/wp-json\/wp\/v2\/media\/653"}],"wp:attachment":[{"href":"https:\/\/www.leinerlaura.hu\/index.php\/wp-json\/wp\/v2\/media?parent=652"}],"wp:term":[{"taxonomy":"category","embeddable":true,"href":"https:\/\/www.leinerlaura.hu\/index.php\/wp-json\/wp\/v2\/categories?post=652"},{"taxonomy":"post_tag","embeddable":true,"href":"https:\/\/www.leinerlaura.hu\/index.php\/wp-json\/wp\/v2\/tags?post=652"}],"curies":[{"name":"wp","href":"https:\/\/api.w.org\/{rel}","templated":true}]}}