{"id":670,"date":"2021-06-05T14:09:15","date_gmt":"2021-06-05T12:09:15","guid":{"rendered":"https:\/\/www.leinerlaura.hu\/?p=670"},"modified":"2023-02-04T14:35:08","modified_gmt":"2023-02-04T13:35:08","slug":"bemutatkozott-a-noble-rock","status":"publish","type":"post","link":"https:\/\/www.leinerlaura.hu\/index.php\/2021\/06\/05\/bemutatkozott-a-noble-rock\/","title":{"rendered":"Bemutatkozott a Noble Rock"},"content":{"rendered":"\n<p>M\u00e1jus elej\u00e9n bemutatkozott a\u00a0<a rel=\"noreferrer noopener\" href=\"https:\/\/www.leinerlaura.hu\/noblerock\/\" target=\"_blank\">Noble Rock<\/a>, m\u00falth\u00e9ten pedig nagyon nagy sikerrel megtartottuk a pop-up napot az L&amp;L k\u00f6nyvesboltban, ahol egyetlen napig megv\u00e1s\u00e1rolhat\u00f3 volt szem\u00e9lyesen is.<\/p>\n\n\n\n<p>Szeretn\u00e9m \u00fajra megk\u00f6sz\u00f6nni a m\u00e1rka fogadtat\u00e1s\u00e1t, \u00e9s azt, hogy ennyire tetszik nektek. Hihetetlen sz\u00e1momra, hogy k\u00e9t h\u00f3nap alatt mennyien megismert\u00e9tek, b\u00e1rmerre megyek, gratul\u00e1ltok hozz\u00e1, \u00e9s felismeritek rajtam.\u00a0\u00a0Hamarosan pedig egy interj\u00fa is olvashat\u00f3 lesz velem egy \u00fajs\u00e1gban, ahol a k\u00f6nyveim mellett m\u00e1r a Noble Rockr\u00f3l is k\u00e9rdeztek \u00e9s besz\u00e9lhettem. Elk\u00e9peszt\u0151en boldog vagyok ett\u0151l, \u00e9s \u00f3ri\u00e1si dolognak tartom.<\/p>\n\n\n\n<p><strong>Most pedig el is b\u00facs\u00fazik az els\u0151, bemutatkoz\u00f3 kollekci\u00f3<\/strong>.\u00a0<br>Ahogyan azt el\u0151re jeleztem, a jelenlegi term\u00e9kek m\u00e1r csak n\u00e9h\u00e1ny napig, eg\u00e9szen pontosan p\u00e9ntekig (j\u00falius 9) \u00e9rhet\u0151k el a\u00a0<a rel=\"noreferrer noopener\" href=\"https:\/\/llkonyvesbolt.hu\/termekkategoria\/noble-rock\/\" target=\"_blank\">webshopon<\/a>, szombat reggel m\u00e1r leker\u00fcl,\u00a0<strong>\u00e9s a Noble Rock nem is lesz kaphat\u00f3 a ny\u00e1r v\u00e9g\u00e9ig, amikor is m\u00e1r majd az \u0151szi\/t\u00e9li darabok \u00e9rkeznek<\/strong>, amik teljesen m\u00e1sok lesznek, mint a jelenlegiek.<\/p>\n\n\n\n<p><strong>P\u00e9ntek \u00e9jjelig teh\u00e1t limit\u00e1lt k\u00e9szlettel, de m\u00e9g el\u00e9rhet\u0151k a\u00a0<a rel=\"noreferrer noopener\" href=\"https:\/\/llkonyvesbolt.hu\/termekkategoria\/noble-rock\/\" target=\"_blank\">Noble Rock<\/a>\u00a0els\u0151 kollekci\u00f3j\u00e1nak darabjai.\u00a0<\/strong><\/p>\n\n\n\n<p><strong>Mindenkinek nagyon j\u00f3 nyarat k\u00edv\u00e1nok!<\/strong><\/p>\n","protected":false},"excerpt":{"rendered":"<p>M\u00e1jus elej\u00e9n bemutatkozott a\u00a0Noble Rock, m\u00falth\u00e9ten pedig nagyon nagy sikerrel megtartottuk a pop-up napot az L&amp;L k\u00f6nyvesboltban, ahol egyetlen napig megv\u00e1s\u00e1rolhat\u00f3 volt szem\u00e9lyesen is. Szeretn\u00e9m \u00fajra megk\u00f6sz\u00f6nni a m\u00e1rka fogadtat\u00e1s\u00e1t, \u00e9s azt, hogy ennyire tetszik nektek. Hihetetlen sz\u00e1momra, hogy k\u00e9t h\u00f3nap alatt mennyien megismert\u00e9tek, b\u00e1rmerre megyek, gratul\u00e1ltok hozz\u00e1, \u00e9s felismeritek rajtam.\u00a0\u00a0Hamarosan pedig egy interj\u00fa is<\/p>\n","protected":false},"author":2,"featured_media":671,"comment_status":"closed","ping_status":"closed","sticky":false,"template":"","format":"standard","meta":{"_jetpack_memberships_contains_paid_content":false,"footnotes":""},"categories":[13],"tags":[21],"class_list":["post-670","post","type-post","status-publish","format-standard","has-post-thumbnail","hentry","category-blogbejegyzes","tag-noble-rock"],"jetpack_featured_media_url":"https:\/\/www.leinerlaura.hu\/wp-content\/uploads\/2023\/02\/IMG_4190.jpg","jetpack_sharing_enabled":true,"_links":{"self":[{"href":"https:\/\/www.leinerlaura.hu\/index.php\/wp-json\/wp\/v2\/posts\/670","targetHints":{"allow":["GET"]}}],"collection":[{"href":"https:\/\/www.leinerlaura.hu\/index.php\/wp-json\/wp\/v2\/posts"}],"about":[{"href":"https:\/\/www.leinerlaura.hu\/index.php\/wp-json\/wp\/v2\/types\/post"}],"author":[{"embeddable":true,"href":"https:\/\/www.leinerlaura.hu\/index.php\/wp-json\/wp\/v2\/users\/2"}],"replies":[{"embeddable":true,"href":"https:\/\/www.leinerlaura.hu\/index.php\/wp-json\/wp\/v2\/comments?post=670"}],"version-history":[{"count":2,"href":"https:\/\/www.leinerlaura.hu\/index.php\/wp-json\/wp\/v2\/posts\/670\/revisions"}],"predecessor-version":[{"id":750,"href":"https:\/\/www.leinerlaura.hu\/index.php\/wp-json\/wp\/v2\/posts\/670\/revisions\/750"}],"wp:featuredmedia":[{"embeddable":true,"href":"https:\/\/www.leinerlaura.hu\/index.php\/wp-json\/wp\/v2\/media\/671"}],"wp:attachment":[{"href":"https:\/\/www.leinerlaura.hu\/index.php\/wp-json\/wp\/v2\/media?parent=670"}],"wp:term":[{"taxonomy":"category","embeddable":true,"href":"https:\/\/www.leinerlaura.hu\/index.php\/wp-json\/wp\/v2\/categories?post=670"},{"taxonomy":"post_tag","embeddable":true,"href":"https:\/\/www.leinerlaura.hu\/index.php\/wp-json\/wp\/v2\/tags?post=670"}],"curies":[{"name":"wp","href":"https:\/\/api.w.org\/{rel}","templated":true}]}}