{"id":673,"date":"2021-05-05T14:15:08","date_gmt":"2021-05-05T12:15:08","guid":{"rendered":"https:\/\/www.leinerlaura.hu\/?p=673"},"modified":"2023-02-04T13:26:02","modified_gmt":"2023-02-04T12:26:02","slug":"megjelent-a-higgy-nekem","status":"publish","type":"post","link":"https:\/\/www.leinerlaura.hu\/index.php\/2021\/05\/05\/megjelent-a-higgy-nekem\/","title":{"rendered":"Megjelent a Higgy nekem"},"content":{"rendered":"\n<p>A mai napon hivatalosan is megjelent a Higgy nekem.\u00a0<\/p>\n\n\n\n<p>Mindenkinek nagyon j\u00f3 sz\u00f3rakoz\u00e1st k\u00edv\u00e1nok a k\u00f6tethez, \u00e9s nagyon k\u00f6sz\u00f6n\u00f6m az els\u0151 reakci\u00f3kat, ami alapj\u00e1n nagyon-nagyon szeretitek a k\u00f6nyvet.<\/p>\n\n\n\n<figure class=\"wp-block-image size-large is-resized\"><img fetchpriority=\"high\" decoding=\"async\" src=\"https:\/\/www.leinerlaura.hu\/wp-content\/uploads\/2023\/02\/180730989_322066609277151_8473039757357828012_n-1-768x939-1-768x730.jpg\" alt=\"\" class=\"wp-image-747\" width=\"384\" height=\"365\"\/><\/figure>\n\n\n\n<p>A Higgy nekem m\u00e1t\u00f3l mindenhol kaphat\u00f3, a k\u00f6tet pedig ebookban is megjelent.<\/p>\n\n\n\n<p>Mindenkinek nagyon k\u00f6sz\u00f6n\u00f6m a k\u00f6z\u00f6s v\u00e1rakoz\u00e1st, \u00e9s azt, hogy b\u00e1r m\u00e9g ennek a k\u00f6nyvemnek sem tudtunk esem\u00e9nyt rendezni, k\u00f6vett\u00e9tek az L&amp;L al\u00e1\u00edr\u00e1st az oldalaimon.\u00a0<\/p>\n\n\n\n<p>Nagyon j\u00f3 olvas\u00e1st k\u00edv\u00e1nok a k\u00f6nyvh\u00f6z, \u00e9s vigy\u00e1zzatok a spoilerekkel.\u00a0<\/p>\n","protected":false},"excerpt":{"rendered":"<p>A mai napon hivatalosan is megjelent a Higgy nekem.\u00a0 Mindenkinek nagyon j\u00f3 sz\u00f3rakoz\u00e1st k\u00edv\u00e1nok a k\u00f6tethez, \u00e9s nagyon k\u00f6sz\u00f6n\u00f6m az els\u0151 reakci\u00f3kat, ami alapj\u00e1n nagyon-nagyon szeretitek a k\u00f6nyvet. A Higgy nekem m\u00e1t\u00f3l mindenhol kaphat\u00f3, a k\u00f6tet pedig ebookban is megjelent. Mindenkinek nagyon k\u00f6sz\u00f6n\u00f6m a k\u00f6z\u00f6s v\u00e1rakoz\u00e1st, \u00e9s azt, hogy b\u00e1r m\u00e9g ennek a k\u00f6nyvemnek sem<\/p>\n","protected":false},"author":2,"featured_media":674,"comment_status":"closed","ping_status":"closed","sticky":false,"template":"","format":"standard","meta":{"_jetpack_memberships_contains_paid_content":false,"footnotes":""},"categories":[13],"tags":[23,22],"class_list":["post-673","post","type-post","status-publish","format-standard","has-post-thumbnail","hentry","category-blogbejegyzes","tag-higgy-nekem","tag-iskolak-versenye"],"jetpack_featured_media_url":"https:\/\/www.leinerlaura.hu\/wp-content\/uploads\/2023\/02\/IMG_1589.jpg","jetpack_sharing_enabled":true,"_links":{"self":[{"href":"https:\/\/www.leinerlaura.hu\/index.php\/wp-json\/wp\/v2\/posts\/673","targetHints":{"allow":["GET"]}}],"collection":[{"href":"https:\/\/www.leinerlaura.hu\/index.php\/wp-json\/wp\/v2\/posts"}],"about":[{"href":"https:\/\/www.leinerlaura.hu\/index.php\/wp-json\/wp\/v2\/types\/post"}],"author":[{"embeddable":true,"href":"https:\/\/www.leinerlaura.hu\/index.php\/wp-json\/wp\/v2\/users\/2"}],"replies":[{"embeddable":true,"href":"https:\/\/www.leinerlaura.hu\/index.php\/wp-json\/wp\/v2\/comments?post=673"}],"version-history":[{"count":2,"href":"https:\/\/www.leinerlaura.hu\/index.php\/wp-json\/wp\/v2\/posts\/673\/revisions"}],"predecessor-version":[{"id":749,"href":"https:\/\/www.leinerlaura.hu\/index.php\/wp-json\/wp\/v2\/posts\/673\/revisions\/749"}],"wp:featuredmedia":[{"embeddable":true,"href":"https:\/\/www.leinerlaura.hu\/index.php\/wp-json\/wp\/v2\/media\/674"}],"wp:attachment":[{"href":"https:\/\/www.leinerlaura.hu\/index.php\/wp-json\/wp\/v2\/media?parent=673"}],"wp:term":[{"taxonomy":"category","embeddable":true,"href":"https:\/\/www.leinerlaura.hu\/index.php\/wp-json\/wp\/v2\/categories?post=673"},{"taxonomy":"post_tag","embeddable":true,"href":"https:\/\/www.leinerlaura.hu\/index.php\/wp-json\/wp\/v2\/tags?post=673"}],"curies":[{"name":"wp","href":"https:\/\/api.w.org\/{rel}","templated":true}]}}