{"id":686,"date":"2020-04-23T14:32:11","date_gmt":"2020-04-23T12:32:11","guid":{"rendered":"https:\/\/www.leinerlaura.hu\/?p=686"},"modified":"2023-02-03T23:09:19","modified_gmt":"2023-02-03T22:09:19","slug":"megjelent-a-kalauz-2-0","status":"publish","type":"post","link":"https:\/\/www.leinerlaura.hu\/index.php\/2020\/04\/23\/megjelent-a-kalauz-2-0\/","title":{"rendered":"Megjelent a Kalauz 2.0"},"content":{"rendered":"\n<p><strong>A mai napon hivatalosan is megjelent a Szent Johanna gimi Kalauz 2.0\u00a0<\/strong><\/p>\n\n\n\n<p>\u00c9s ezzel egyid\u0151ben t\u00edz \u00e9ves lett a Szent Johanna gimi.<\/p>\n\n\n\n<p><a href=\"https:\/\/www.facebook.com\/leinerlauraofficial\/videos\/505139646848767\/\">https:\/\/www.facebook.com\/leinerlauraofficial\/videos\/505139646848767\/<\/a><\/p>\n\n\n\n<p>Nagyon sz\u00e9pen k\u00f6sz\u00f6n\u00f6m mindenkinek, aki az elm\u00falt napokban gondolt a sorozatra, \u00e9s nagyon-nagyon k\u00f6sz\u00f6n\u00f6m a rengeteg k\u00e9pet, vide\u00f3t \u00e9s \u00fczenetet, amit k\u00fcldtetek nekem az&nbsp;<a href=\"https:\/\/www.instagram.com\/leinerlauraofficial\/\" target=\"_blank\" rel=\"noreferrer noopener\">instagram oldalamon.<\/a><\/p>\n\n\n\n<p>Az elmaradt dedik\u00e1l\u00e1s miatt egy el\u00e9g rendhagy\u00f3 al\u00e1\u00edr\u00e1sa volt az\u00a0<a rel=\"noreferrer noopener\" href=\"https:\/\/llkonyvesbolt.hu\/\" target=\"_blank\">L&amp;L<\/a>-es Kalauz 2.0 el\u0151rendel\u00e9seknek, \u00e9s v\u00e9g\u00fcl, ha nem is pont \u00fagy, ahogy terveztem, de el\u00e9g eml\u00e9kezetesre siker\u00fclt a megjelen\u00e9s, \u00e9s a k\u00f6tetek dedik\u00e1l\u00e1sa is.\u00a0<em>(Az al\u00e1bbi instagram poszt lapozgat\u00f3s, k\u00e9t nap felv\u00e9telei \u00e9s k\u00e9pei szerepelnek benne)<\/em><\/p>\n\n\n\n<p><strong>Nagyon fontos, hogy az al\u00e1\u00edr\u00e1s kiz\u00e1r\u00f3lag az\u00a0<a rel=\"noreferrer noopener\" href=\"https:\/\/llkonyvesbolt.hu\/\" target=\"_blank\">L&amp;L k\u00f6nyvesbolt<\/a>\u00a0el\u0151rendel\u00e9sekre vonatkozott, mert az L&amp;L k\u00f6nyvesbolt dedik\u00e1l\u00e1sa maradt el \u00e1prilis 22-\u00e9n.\u00a0<\/strong>Amint lehet\u0151s\u00e9g lesz r\u00e1, term\u00e9szetesen tartunk majd dedik\u00e1l\u00e1st a k\u00f6nyvesboltban, azonban sajnos m\u00e9g nem tudni, hogy mikor.<\/p>\n\n\n\n<figure class=\"wp-block-image size-full is-resized\"><img fetchpriority=\"high\" decoding=\"async\" src=\"https:\/\/www.leinerlaura.hu\/wp-content\/uploads\/2023\/02\/tumblr_36ca2633a960a57e656ffb58f96398f3_060ef665_1280.jpg\" alt=\"\" class=\"wp-image-736\" width=\"540\" height=\"620\" srcset=\"https:\/\/www.leinerlaura.hu\/wp-content\/uploads\/2023\/02\/tumblr_36ca2633a960a57e656ffb58f96398f3_060ef665_1280.jpg 1080w, https:\/\/www.leinerlaura.hu\/wp-content\/uploads\/2023\/02\/tumblr_36ca2633a960a57e656ffb58f96398f3_060ef665_1280-768x882.jpg 768w, https:\/\/www.leinerlaura.hu\/wp-content\/uploads\/2023\/02\/tumblr_36ca2633a960a57e656ffb58f96398f3_060ef665_1280-585x672.jpg 585w\" sizes=\"(max-width: 540px) 100vw, 540px\" \/><\/figure>\n\n\n\n<p>A k\u00f6tet a mai napt\u00f3l mindenhol kaphat\u00f3 (egyel\u0151re a k\u00f6nyvesboltok z\u00e1rvatart\u00e1sa miatt csak online). A Kalauz 2.0 k\u00f6tettel kapcsolatos gyakran ism\u00e9telt k\u00e9rd\u00e9sek v\u00e1laszait az\u00a0<a rel=\"noreferrer noopener\" href=\"https:\/\/www.leinerlaura.hu\/2020\/03\/31\/gyakran-ismetelt-kerdesek-szjg-kalauz-2-0\/\" target=\"_blank\">el\u0151z\u0151 bejegyz\u00e9semben lehet olvasni.\u00a0<\/a><\/p>\n\n\n\n<p>Mindenkinek nagyon j\u00f3 sz\u00f3rakoz\u00e1st k\u00edv\u00e1nok a k\u00f6tethez, \u00e9s k\u00f6sz\u00f6n\u00f6m, hogy t\u00edz \u00e9ve ennyire nagyon szeretitek a Szent Johanna gimit.&nbsp;<\/p>\n\n\n\n\n","protected":false},"excerpt":{"rendered":"<p>A mai napon hivatalosan is megjelent a Szent Johanna gimi Kalauz 2.0\u00a0 \u00c9s ezzel egyid\u0151ben t\u00edz \u00e9ves lett a Szent Johanna gimi. https:\/\/www.facebook.com\/leinerlauraofficial\/videos\/505139646848767\/ Nagyon sz\u00e9pen k\u00f6sz\u00f6n\u00f6m mindenkinek, aki az elm\u00falt napokban gondolt a sorozatra, \u00e9s nagyon-nagyon k\u00f6sz\u00f6n\u00f6m a rengeteg k\u00e9pet, vide\u00f3t \u00e9s \u00fczenetet, amit k\u00fcldtetek nekem az&nbsp;instagram oldalamon. Az elmaradt dedik\u00e1l\u00e1s miatt egy el\u00e9g rendhagy\u00f3<\/p>\n","protected":false},"author":2,"featured_media":687,"comment_status":"open","ping_status":"open","sticky":false,"template":"","format":"standard","meta":{"_jetpack_memberships_contains_paid_content":false,"footnotes":""},"categories":[13],"tags":[25,26],"class_list":["post-686","post","type-post","status-publish","format-standard","has-post-thumbnail","hentry","category-blogbejegyzes","tag-szent-johanna-gimi","tag-szjg"],"jetpack_featured_media_url":"https:\/\/www.leinerlaura.hu\/wp-content\/uploads\/2023\/02\/IMG_5788.png","jetpack_sharing_enabled":true,"_links":{"self":[{"href":"https:\/\/www.leinerlaura.hu\/index.php\/wp-json\/wp\/v2\/posts\/686","targetHints":{"allow":["GET"]}}],"collection":[{"href":"https:\/\/www.leinerlaura.hu\/index.php\/wp-json\/wp\/v2\/posts"}],"about":[{"href":"https:\/\/www.leinerlaura.hu\/index.php\/wp-json\/wp\/v2\/types\/post"}],"author":[{"embeddable":true,"href":"https:\/\/www.leinerlaura.hu\/index.php\/wp-json\/wp\/v2\/users\/2"}],"replies":[{"embeddable":true,"href":"https:\/\/www.leinerlaura.hu\/index.php\/wp-json\/wp\/v2\/comments?post=686"}],"version-history":[{"count":3,"href":"https:\/\/www.leinerlaura.hu\/index.php\/wp-json\/wp\/v2\/posts\/686\/revisions"}],"predecessor-version":[{"id":739,"href":"https:\/\/www.leinerlaura.hu\/index.php\/wp-json\/wp\/v2\/posts\/686\/revisions\/739"}],"wp:featuredmedia":[{"embeddable":true,"href":"https:\/\/www.leinerlaura.hu\/index.php\/wp-json\/wp\/v2\/media\/687"}],"wp:attachment":[{"href":"https:\/\/www.leinerlaura.hu\/index.php\/wp-json\/wp\/v2\/media?parent=686"}],"wp:term":[{"taxonomy":"category","embeddable":true,"href":"https:\/\/www.leinerlaura.hu\/index.php\/wp-json\/wp\/v2\/categories?post=686"},{"taxonomy":"post_tag","embeddable":true,"href":"https:\/\/www.leinerlaura.hu\/index.php\/wp-json\/wp\/v2\/tags?post=686"}],"curies":[{"name":"wp","href":"https:\/\/api.w.org\/{rel}","templated":true}]}}