{"id":689,"date":"2020-02-12T14:36:49","date_gmt":"2020-02-12T13:36:49","guid":{"rendered":"https:\/\/www.leinerlaura.hu\/?p=689"},"modified":"2023-02-03T18:31:02","modified_gmt":"2023-02-03T17:31:02","slug":"kedvenc-ll-szereplo-2020","status":"publish","type":"post","link":"https:\/\/www.leinerlaura.hu\/index.php\/2020\/02\/12\/kedvenc-ll-szereplo-2020\/","title":{"rendered":"Kedvenc LL szerepl\u0151 2020"},"content":{"rendered":"\n<h1 class=\"wp-block-heading\"><a href=\"https:\/\/www.leinerlaura.hu\/2020\/02\/12\/kedvenc-ll-karakter\/\">Kedvenc LL karakter<\/a><\/h1>\n\n\n\n<p><a href=\"https:\/\/www.leinerlaura.hu\/category\/bejegyzesek\/\">BEJEGYZ\u00c9SEK<\/a><\/p>\n\n\n\n<p>N\u00e9h\u00e1ny nappal ezel\u0151tt teljesen spont\u00e1n elind\u00edtottam az&nbsp;<a href=\"https:\/\/www.instagram.com\/leinerlauraofficial\/\" target=\"_blank\" rel=\"noreferrer noopener\">instagram oldalamon<\/a>&nbsp;egy szavaz\u00e1st, hogy kider\u00fclj\u00f6n, ki a kedvenc Leiner Laura szerepl\u0151. A t\u00f6bb napig tart\u00f3 megm\u00e9rettet\u00e9s \u00f3ri\u00e1sit ment, \u00e9s minden v\u00e1rakoz\u00e1somat fel\u00fclm\u00falta az \u00e9rdekl\u0151d\u00e9s.<\/p>\n\n\n\n<p>Sz\u00e1momra is nagyon \u00e9rdekes volt l\u00e1tni, hogyan alakul a verseny, mik\u00f6zben sz\u00e1nd\u00e9kosan nem reag\u00e1ltam sem kommentekre, sem pedig priv\u00e1t \u00fczenetekre (pedig rengeteget kaptam), hogy v\u00e9letlen\u00fcl se befoly\u00e1soljak semmit. S\u0151t, azt sem \u00e1rultam el, hogy kinek drukkoltam.\u00a0A kedvenc LL karakter szavaz\u00e1s r\u00e9szletes eredm\u00e9nyeit ebben a bejegyz\u00e9sben foglalom \u00f6ssze, hogy azok is l\u00e1thass\u00e1k mi t\u00f6rt\u00e9nt, akik lemaradtak r\u00f3la, vagy esetleg nincs inst\u00e1juk.<\/p>\n\n\n\n<p>Viszont nagyon fontos, hogy ez a szavaz\u00e1s az&nbsp;<a href=\"https:\/\/www.instagram.com\/leinerlauraofficial\/\" target=\"_blank\" rel=\"noreferrer noopener\">instagram oldalamon<\/a>, sztoriban t\u00f6rt\u00e9nt hat napon kereszt\u00fcl, \u00e9s azoknak az olvas\u00f3knak a v\u00e9lem\u00e9ny\u00e9t t\u00fckr\u00f6zi, akik r\u00e9szt vettek a j\u00e1t\u00e9kban. \u00c9n is nagyon sajn\u00e1ltam n\u00e9h\u00e1ny (szerintem is) id\u0151 el\u0151tt kiesett szerepl\u0151t, megint m\u00e1s karakterek pedig m\u00e9g v\u00e9lem\u00e9nyem szerint is meglep\u0151en sok\u00e1ig versenyben maradtak a t\u00f6bbiekkel szemben, de ez ilyen, a t\u00f6bbs\u00e9g szavazata d\u00f6nt\u00f6tt.<\/p>\n\n\n\n<p>Az els\u0151 fordul\u00f3hoz \u00e9n adtam meg kezd\u00e9snek 32 szerepl\u0151t. Igyekeztem minden k\u00f6nyvemb\u0151l a visszajelz\u00e9sek alapj\u00e1n legn\u00e9pszer\u0171bbeket kiv\u00e1lasztani, azonban \u00edgy is neh\u00e9z dolgom volt, f\u0151leg p\u00e9ld\u00e1ul a Mindig kar\u00e1csony k\u00f6nyvemmel, ami t\u00fal friss ahhoz (a szavaz\u00e1skor csup\u00e1n 9 hete jelent meg), hogy a t\u00e9nyleges k\u00f6z\u00f6ns\u00e9gkedvencekr\u0151l legyen el\u00e9g inf\u00f3m. Mindegy, v\u00e9g\u00fcl siker\u00fclt kiv\u00e1lasztottam vegyesen 32 szerepl\u0151t a reg\u00e9nyeimb\u0151l, \u00e9s nagy \u00f6r\u00f6m\u00f6mre viszonylag kevesen reklam\u00e1ltak hi\u00e1nyz\u00f3 kedvenceket. (A Bexib\u0151l Asz\u00e1d\u00e9k \u00e9s Andris-Robi az SzJG-b\u0151l az\u00e9rt maradtak ki, mert neh\u00e9z, s\u0151t, szinte lehetetlen \u0151ket k\u00fcl\u00f6nszedni, \u00edgy nem lett volna \u00e9rtelme k\u00fcl\u00f6n berakni \u0151ket a szavaz\u00e1sba. Ennek ellen\u00e9re tudom, hogy rengetegen szeretitek \u0151ket, ahogyan \u00e9n is.)<\/p>\n\n\n\n<p>Amikor meglett a 32 szerepl\u0151, a neveket kinyomtattuk, \u00e9s \u00f6sszesorsoltuk \u0151ket. Ezt szint\u00e9n megmutattam insta sztoriban, hogy teljesen szab\u00e1lyos legyen a verseny.&nbsp;<\/p>\n\n\n\n<p>Azt\u00e1n felt\u00f6lt\u00f6ttem a szavaz\u00e1st, \u00e9s kezd\u0151dtek a fordul\u00f3k, aminek az eredm\u00e9nye a k\u00f6vetkez\u0151k\u00e9ppen alakult:<\/p>\n\n\n\n<figure class=\"wp-block-image size-large\"><img fetchpriority=\"high\" decoding=\"async\" width=\"1076\" height=\"730\" src=\"https:\/\/www.leinerlaura.hu\/wp-content\/uploads\/2023\/02\/Kepernyofoto-2020-02-10-14.20.21-1076x730.png\" alt=\"\" class=\"wp-image-690\" srcset=\"https:\/\/www.leinerlaura.hu\/wp-content\/uploads\/2023\/02\/Kepernyofoto-2020-02-10-14.20.21-1076x730.png 1076w, https:\/\/www.leinerlaura.hu\/wp-content\/uploads\/2023\/02\/Kepernyofoto-2020-02-10-14.20.21-768x522.png 768w, https:\/\/www.leinerlaura.hu\/wp-content\/uploads\/2023\/02\/Kepernyofoto-2020-02-10-14.20.21-585x398.png 585w\" sizes=\"(max-width: 1076px) 100vw, 1076px\" \/><\/figure>\n\n\n\n<p>El\u0151d\u00f6nt\u0151:<\/p>\n\n\n\n<figure class=\"wp-block-image size-large is-resized\"><img decoding=\"async\" src=\"https:\/\/www.leinerlaura.hu\/wp-content\/uploads\/2023\/02\/4.fordulo-1170x730.png\" alt=\"\" class=\"wp-image-691\" width=\"875\" height=\"545\"\/><\/figure>\n\n\n\n<p>\u00c9s a d\u00f6nt\u0151:<\/p>\n\n\n\n\n\n\n\n<figure class=\"wp-block-image size-large is-resized\"><img decoding=\"async\" src=\"https:\/\/www.leinerlaura.hu\/wp-content\/uploads\/2023\/02\/IMG_7896-768x866-1-768x730.jpg\" alt=\"\" class=\"wp-image-692\" width=\"768\" height=\"730\"\/><\/figure>\n\n\n\n<p>D\u00f6ntetlen lett. \ud83d\ude00 <\/p>\n\n\n\n<p>Azt gondolom, enn\u00e9l jobban nem is alakulhatott volna. \u00c9n sem sz\u00e1m\u00edtottam arra, hogy ez lesz, de \u00edgy ut\u00f3lag bel\u00e1tva azt hiszem a sz\u00edvem m\u00e9ly\u00e9n ennek az \u00f6tven-\u00f6tvennek \u00f6r\u00fcl\u00f6k a legjobban.<\/p>\n\n\n\n<p>Nagy M\u00e1rk \u00e9s Cortez \u00f6sszecsap\u00e1s\u00e1ra 24 \u00f3ra alatt \u00f6sszesen 28933 szavazat \u00e9rkezett, \u00e9s hogy ez milyen ar\u00e1nyban oszlott el, az szerintem maradjon az \u00e9n titkom, mert ha az az 50-50 b\u00e1rmelyik fi\u00fa fel\u00e9 elmozdult volna v\u00e9g\u00fcl, akkor elmondan\u00e1m, de \u00edgy, hogy 50-50 a v\u00e9ge az insta sztorim ki\u00edr\u00e1sa szerint is, nem tudok gy\u0151ztest hirdetni,&nbsp;<strong>a Nagy M\u00e1rk vs. Cortez d\u00f6nt\u0151 a legnagyobb meglepet\u00e9semre \u00e9s boldogs\u00e1gomra egyszer\u0171en d\u00f6ntetlen lett.<\/strong>&nbsp;<\/p>\n\n\n\n<p>K\u00f6sz\u00f6n\u00f6m, hogy ennyire j\u00f3l sz\u00f3rakoztunk az elm\u00falt napokban, k\u00f6sz\u00f6n\u00f6m, hogy r\u00e9szt vettetek benne \u00e9s tetszett a j\u00e1t\u00e9k, k\u00f6sz\u00f6n\u00f6m, hogy ennyire nagyon szeretitek a k\u00f6nyveim szerepl\u0151it, \u00e9s k\u00f6sz\u00f6n\u00f6m, hogy v\u00e9gig drukkoltatok \u00e9s szavaztatok.<\/p>\n\n\n\n<p>Szerintem m\u00e1skor is lesz m\u00e9g hasonl\u00f3 j\u00e1t\u00e9k, mert t\u00e9nyleg nagy sikere volt.<\/p>\n","protected":false},"excerpt":{"rendered":"<p>Kedvenc LL karakter BEJEGYZ\u00c9SEK N\u00e9h\u00e1ny nappal ezel\u0151tt teljesen spont\u00e1n elind\u00edtottam az&nbsp;instagram oldalamon&nbsp;egy szavaz\u00e1st, hogy kider\u00fclj\u00f6n, ki a kedvenc Leiner Laura szerepl\u0151. A t\u00f6bb napig tart\u00f3 megm\u00e9rettet\u00e9s \u00f3ri\u00e1sit ment, \u00e9s minden v\u00e1rakoz\u00e1somat fel\u00fclm\u00falta az \u00e9rdekl\u0151d\u00e9s. Sz\u00e1momra is nagyon \u00e9rdekes volt l\u00e1tni, hogyan alakul a verseny, mik\u00f6zben sz\u00e1nd\u00e9kosan nem reag\u00e1ltam sem kommentekre, sem pedig priv\u00e1t \u00fczenetekre (pedig<\/p>\n","protected":false},"author":2,"featured_media":692,"comment_status":"closed","ping_status":"closed","sticky":false,"template":"","format":"standard","meta":{"_jetpack_memberships_contains_paid_content":false,"footnotes":""},"categories":[13],"tags":[16],"class_list":["post-689","post","type-post","status-publish","format-standard","has-post-thumbnail","hentry","category-blogbejegyzes","tag-ll-szereplo-szavazas"],"jetpack_featured_media_url":"https:\/\/www.leinerlaura.hu\/wp-content\/uploads\/2023\/02\/IMG_7896-768x866-1.jpg","jetpack_sharing_enabled":true,"_links":{"self":[{"href":"https:\/\/www.leinerlaura.hu\/index.php\/wp-json\/wp\/v2\/posts\/689","targetHints":{"allow":["GET"]}}],"collection":[{"href":"https:\/\/www.leinerlaura.hu\/index.php\/wp-json\/wp\/v2\/posts"}],"about":[{"href":"https:\/\/www.leinerlaura.hu\/index.php\/wp-json\/wp\/v2\/types\/post"}],"author":[{"embeddable":true,"href":"https:\/\/www.leinerlaura.hu\/index.php\/wp-json\/wp\/v2\/users\/2"}],"replies":[{"embeddable":true,"href":"https:\/\/www.leinerlaura.hu\/index.php\/wp-json\/wp\/v2\/comments?post=689"}],"version-history":[{"count":2,"href":"https:\/\/www.leinerlaura.hu\/index.php\/wp-json\/wp\/v2\/posts\/689\/revisions"}],"predecessor-version":[{"id":731,"href":"https:\/\/www.leinerlaura.hu\/index.php\/wp-json\/wp\/v2\/posts\/689\/revisions\/731"}],"wp:featuredmedia":[{"embeddable":true,"href":"https:\/\/www.leinerlaura.hu\/index.php\/wp-json\/wp\/v2\/media\/692"}],"wp:attachment":[{"href":"https:\/\/www.leinerlaura.hu\/index.php\/wp-json\/wp\/v2\/media?parent=689"}],"wp:term":[{"taxonomy":"category","embeddable":true,"href":"https:\/\/www.leinerlaura.hu\/index.php\/wp-json\/wp\/v2\/categories?post=689"},{"taxonomy":"post_tag","embeddable":true,"href":"https:\/\/www.leinerlaura.hu\/index.php\/wp-json\/wp\/v2\/tags?post=689"}],"curies":[{"name":"wp","href":"https:\/\/api.w.org\/{rel}","templated":true}]}}